


{"id":46916,"date":"2025-04-25T11:03:30","date_gmt":"2025-04-25T14:03:30","guid":{"rendered":"https:\/\/transparencia.camaracolombo.pr.gov.br\/?p=46916"},"modified":"2025-04-25T11:12:35","modified_gmt":"2025-04-25T14:12:35","slug":"rodovia-da-uva-projeto-de-duplicacao-do-primeiro-lote-e-apresentado-na-cmc","status":"publish","type":"post","link":"https:\/\/transparencia.camaracolombo.pr.gov.br\/index.php\/2025\/04\/25\/rodovia-da-uva-projeto-de-duplicacao-do-primeiro-lote-e-apresentado-na-cmc\/","title":{"rendered":"Rodovia da Uva: projeto de duplica\u00e7\u00e3o do primeiro lote \u00e9 apresentado na CMC"},"content":{"rendered":"\n<p class=\"wp-block-paragraph\"><strong><em>A reuni\u00e3o contou com a participa\u00e7\u00e3o do Legislativo, DER e popula\u00e7\u00e3o local.<\/em><\/strong><\/p>\n\n\n\n<figure class=\"wp-block-image\"><img loading=\"lazy\" decoding=\"async\" width=\"1024\" height=\"617\" src=\"https:\/\/transparencia.camaracolombo.pr.gov.br\/wp-content\/uploads\/2025\/04\/DSC0706-1024x617.jpg\" alt=\"\" class=\"wp-image-46918\" srcset=\"https:\/\/transparencia.camaracolombo.pr.gov.br\/wp-content\/uploads\/2025\/04\/DSC0706-1024x617.jpg 1024w, https:\/\/transparencia.camaracolombo.pr.gov.br\/wp-content\/uploads\/2025\/04\/DSC0706-300x181.jpg 300w, https:\/\/transparencia.camaracolombo.pr.gov.br\/wp-content\/uploads\/2025\/04\/DSC0706-768x463.jpg 768w\" sizes=\"auto, (max-width: 1024px) 100vw, 1024px\" \/><figcaption>C<strong>MC recebeu a apresenta\u00e7\u00e3o oficial do projeto de duplica\u00e7\u00e3o do primeiro lote da Rodovia da Uva<\/strong>.<br>(Foto: Silmara Portes\/CMC) <\/figcaption><\/figure>\n\n\n\n<p class=\"wp-block-paragraph\">Na tarde desta quinta-feira (24), o Plen\u00e1rio da C\u00e2mara Municipal recebeu a apresenta\u00e7\u00e3o oficial do projeto de duplica\u00e7\u00e3o do primeiro lote da Rodovia da Uva, obra de responsabilidade do Departamento de Estradas de Rodagem do Paran\u00e1 (DER-PR).<\/p>\n\n\n\n<p class=\"wp-block-paragraph\">Durante o encontro, foram apresentados os detalhes t\u00e9cnicos do projeto, como os trechos que ser\u00e3o duplicados e os impactos positivos para a cidade. O evento contou com a presen\u00e7a de moradores e comerciantes da regi\u00e3o. <\/p>\n\n\n\n<p class=\"wp-block-paragraph\">\u201cA duplica\u00e7\u00e3o da Rodovia da Uva \u00e9 uma antiga reivindica\u00e7\u00e3o da popula\u00e7\u00e3o. O segundo lote foi conclu\u00eddo em 2021 e, agora, com o avan\u00e7o do primeiro, o munic\u00edpio se prepara para um novo cen\u00e1rio em mobilidade, com mais fluidez no tr\u00e2nsito, seguran\u00e7a vi\u00e1ria e fomento ao desenvolvimento urbano e econ\u00f4mico\u201d, destacou o presidente da C\u00e2mara, vereador Joel Bueno (PSD).<\/p>\n\n\n\n<p class=\"wp-block-paragraph\">Participaram da reuni\u00e3o os vereadores <strong>Ademar Costa (Uni\u00e3o), Kiko (Uni\u00e3o), Maicon Martins (PP), Ney Marcelino (Podemos), Pastor Abelardo (PSD), Pastor H\u00e9lio Feitosa (PL), Ratinho Gotardo (PSD), Renato da Farm\u00e1cia (PSD), Vagner da Via\u00e7\u00e3o (PP) e Z\u00e9 Arcie (PL)<\/strong>. <\/p>\n\n\n\n<p class=\"wp-block-paragraph\">Representando o DER-PR estiveram presentes Daniel Hatiro Fujiwara (superintendente da Regional Leste), Emily Karime Uba (advogada da equipe de desapropria\u00e7\u00e3o da Strata Engenharia), Igor Macedo (Secret\u00e1rio de Urbanismo), Lucas Bach Adada (gerente t\u00e9cnico), Maycon Willian Hellas de Moura (gerente de \u00e1rea) e Dr. Alfredo Junior. <\/p>\n\n\n\n<p class=\"wp-block-paragraph\">Confira abaixo mais fotos da reuni\u00e3o.<\/p>\n\n\n\n<ul class=\"wp-block-gallery columns-3 is-cropped wp-block-gallery-1 is-layout-flex wp-block-gallery-is-layout-flex\"><li class=\"blocks-gallery-item\"><figure><a href=\"https:\/\/transparencia.camaracolombo.pr.gov.br\/wp-content\/uploads\/2025\/04\/DSC0706-1-1024x617.jpg\"><img loading=\"lazy\" decoding=\"async\" width=\"1024\" height=\"617\" src=\"https:\/\/transparencia.camaracolombo.pr.gov.br\/wp-content\/uploads\/2025\/04\/DSC0706-1-1024x617.jpg\" alt=\"\" data-id=\"46919\" data-link=\"https:\/\/transparencia.camaracolombo.pr.gov.br\/?attachment_id=46919\" class=\"wp-image-46919\" srcset=\"https:\/\/transparencia.camaracolombo.pr.gov.br\/wp-content\/uploads\/2025\/04\/DSC0706-1-1024x617.jpg 1024w, https:\/\/transparencia.camaracolombo.pr.gov.br\/wp-content\/uploads\/2025\/04\/DSC0706-1-300x181.jpg 300w, https:\/\/transparencia.camaracolombo.pr.gov.br\/wp-content\/uploads\/2025\/04\/DSC0706-1-768x463.jpg 768w\" sizes=\"auto, (max-width: 1024px) 100vw, 1024px\" \/><\/a><\/figure><\/li><li class=\"blocks-gallery-item\"><figure><a href=\"https:\/\/transparencia.camaracolombo.pr.gov.br\/wp-content\/uploads\/2025\/04\/DSC0725-1024x626.jpg\"><img loading=\"lazy\" decoding=\"async\" width=\"1024\" height=\"626\" src=\"https:\/\/transparencia.camaracolombo.pr.gov.br\/wp-content\/uploads\/2025\/04\/DSC0725-1024x626.jpg\" alt=\"\" data-id=\"46924\" data-link=\"https:\/\/transparencia.camaracolombo.pr.gov.br\/index.php\/2025\/04\/25\/rodovia-da-uva-projeto-de-duplicacao-do-primeiro-lote-e-apresentado-na-cmc\/_dsc0725-3\/\" class=\"wp-image-46924\" srcset=\"https:\/\/transparencia.camaracolombo.pr.gov.br\/wp-content\/uploads\/2025\/04\/DSC0725-1024x626.jpg 1024w, https:\/\/transparencia.camaracolombo.pr.gov.br\/wp-content\/uploads\/2025\/04\/DSC0725-300x183.jpg 300w, https:\/\/transparencia.camaracolombo.pr.gov.br\/wp-content\/uploads\/2025\/04\/DSC0725-768x470.jpg 768w\" sizes=\"auto, (max-width: 1024px) 100vw, 1024px\" \/><\/a><\/figure><\/li><li class=\"blocks-gallery-item\"><figure><a href=\"https:\/\/transparencia.camaracolombo.pr.gov.br\/wp-content\/uploads\/2025\/04\/DSC0733-1024x683.jpg\"><img loading=\"lazy\" decoding=\"async\" width=\"1024\" height=\"683\" src=\"https:\/\/transparencia.camaracolombo.pr.gov.br\/wp-content\/uploads\/2025\/04\/DSC0733-1024x683.jpg\" alt=\"\" data-id=\"46926\" data-link=\"https:\/\/transparencia.camaracolombo.pr.gov.br\/index.php\/2025\/04\/25\/rodovia-da-uva-projeto-de-duplicacao-do-primeiro-lote-e-apresentado-na-cmc\/_dsc0733-2\/\" class=\"wp-image-46926\" srcset=\"https:\/\/transparencia.camaracolombo.pr.gov.br\/wp-content\/uploads\/2025\/04\/DSC0733-1024x683.jpg 1024w, https:\/\/transparencia.camaracolombo.pr.gov.br\/wp-content\/uploads\/2025\/04\/DSC0733-300x200.jpg 300w, https:\/\/transparencia.camaracolombo.pr.gov.br\/wp-content\/uploads\/2025\/04\/DSC0733-768x512.jpg 768w, https:\/\/transparencia.camaracolombo.pr.gov.br\/wp-content\/uploads\/2025\/04\/DSC0733-840x560.jpg 840w, https:\/\/transparencia.camaracolombo.pr.gov.br\/wp-content\/uploads\/2025\/04\/DSC0733-120x80.jpg 120w, https:\/\/transparencia.camaracolombo.pr.gov.br\/wp-content\/uploads\/2025\/04\/DSC0733-360x240.jpg 360w, https:\/\/transparencia.camaracolombo.pr.gov.br\/wp-content\/uploads\/2025\/04\/DSC0733-600x400.jpg 600w\" sizes=\"auto, (max-width: 1024px) 100vw, 1024px\" \/><\/a><\/figure><\/li><li class=\"blocks-gallery-item\"><figure><a href=\"https:\/\/transparencia.camaracolombo.pr.gov.br\/wp-content\/uploads\/2025\/04\/DSC0739-1024x683.jpg\"><img loading=\"lazy\" decoding=\"async\" width=\"1024\" height=\"683\" src=\"https:\/\/transparencia.camaracolombo.pr.gov.br\/wp-content\/uploads\/2025\/04\/DSC0739-1024x683.jpg\" alt=\"\" data-id=\"46927\" data-link=\"https:\/\/transparencia.camaracolombo.pr.gov.br\/index.php\/2025\/04\/25\/rodovia-da-uva-projeto-de-duplicacao-do-primeiro-lote-e-apresentado-na-cmc\/_dsc0739\/\" class=\"wp-image-46927\" srcset=\"https:\/\/transparencia.camaracolombo.pr.gov.br\/wp-content\/uploads\/2025\/04\/DSC0739-1024x683.jpg 1024w, https:\/\/transparencia.camaracolombo.pr.gov.br\/wp-content\/uploads\/2025\/04\/DSC0739-300x200.jpg 300w, https:\/\/transparencia.camaracolombo.pr.gov.br\/wp-content\/uploads\/2025\/04\/DSC0739-768x512.jpg 768w, https:\/\/transparencia.camaracolombo.pr.gov.br\/wp-content\/uploads\/2025\/04\/DSC0739-840x560.jpg 840w, https:\/\/transparencia.camaracolombo.pr.gov.br\/wp-content\/uploads\/2025\/04\/DSC0739-120x80.jpg 120w, https:\/\/transparencia.camaracolombo.pr.gov.br\/wp-content\/uploads\/2025\/04\/DSC0739-360x240.jpg 360w, https:\/\/transparencia.camaracolombo.pr.gov.br\/wp-content\/uploads\/2025\/04\/DSC0739-600x400.jpg 600w\" sizes=\"auto, (max-width: 1024px) 100vw, 1024px\" \/><\/a><\/figure><\/li><li class=\"blocks-gallery-item\"><figure><a href=\"https:\/\/transparencia.camaracolombo.pr.gov.br\/wp-content\/uploads\/2025\/04\/DSC0740-915x1024.jpg\"><img loading=\"lazy\" decoding=\"async\" width=\"915\" height=\"1024\" src=\"https:\/\/transparencia.camaracolombo.pr.gov.br\/wp-content\/uploads\/2025\/04\/DSC0740-915x1024.jpg\" alt=\"\" data-id=\"46928\" data-link=\"https:\/\/transparencia.camaracolombo.pr.gov.br\/index.php\/2025\/04\/25\/rodovia-da-uva-projeto-de-duplicacao-do-primeiro-lote-e-apresentado-na-cmc\/_dsc0740\/\" class=\"wp-image-46928\" srcset=\"https:\/\/transparencia.camaracolombo.pr.gov.br\/wp-content\/uploads\/2025\/04\/DSC0740-915x1024.jpg 915w, https:\/\/transparencia.camaracolombo.pr.gov.br\/wp-content\/uploads\/2025\/04\/DSC0740-268x300.jpg 268w, https:\/\/transparencia.camaracolombo.pr.gov.br\/wp-content\/uploads\/2025\/04\/DSC0740-768x859.jpg 768w\" sizes=\"auto, (max-width: 915px) 100vw, 915px\" \/><\/a><\/figure><\/li><li class=\"blocks-gallery-item\"><figure><a href=\"https:\/\/transparencia.camaracolombo.pr.gov.br\/wp-content\/uploads\/2025\/04\/DSC0746-1024x683.jpg\"><img loading=\"lazy\" decoding=\"async\" width=\"1024\" height=\"683\" src=\"https:\/\/transparencia.camaracolombo.pr.gov.br\/wp-content\/uploads\/2025\/04\/DSC0746-1024x683.jpg\" alt=\"\" data-id=\"46929\" data-link=\"https:\/\/transparencia.camaracolombo.pr.gov.br\/index.php\/2025\/04\/25\/rodovia-da-uva-projeto-de-duplicacao-do-primeiro-lote-e-apresentado-na-cmc\/_dsc0746\/\" class=\"wp-image-46929\" srcset=\"https:\/\/transparencia.camaracolombo.pr.gov.br\/wp-content\/uploads\/2025\/04\/DSC0746-1024x683.jpg 1024w, https:\/\/transparencia.camaracolombo.pr.gov.br\/wp-content\/uploads\/2025\/04\/DSC0746-300x200.jpg 300w, https:\/\/transparencia.camaracolombo.pr.gov.br\/wp-content\/uploads\/2025\/04\/DSC0746-768x512.jpg 768w, https:\/\/transparencia.camaracolombo.pr.gov.br\/wp-content\/uploads\/2025\/04\/DSC0746-840x560.jpg 840w, https:\/\/transparencia.camaracolombo.pr.gov.br\/wp-content\/uploads\/2025\/04\/DSC0746-120x80.jpg 120w, https:\/\/transparencia.camaracolombo.pr.gov.br\/wp-content\/uploads\/2025\/04\/DSC0746-360x240.jpg 360w, https:\/\/transparencia.camaracolombo.pr.gov.br\/wp-content\/uploads\/2025\/04\/DSC0746-600x400.jpg 600w\" sizes=\"auto, (max-width: 1024px) 100vw, 1024px\" \/><\/a><\/figure><\/li><\/ul>\n","protected":false},"excerpt":{"rendered":"<p>A reuni\u00e3o contou com a participa\u00e7\u00e3o do Legislativo, DER e popula\u00e7\u00e3o local. Na tarde desta [&#8230;]<\/p>\n","protected":false},"author":2,"featured_media":46917,"comment_status":"open","ping_status":"closed","sticky":false,"template":"","format":"standard","meta":{"footnotes":""},"categories":[1],"tags":[],"class_list":["post-46916","post","type-post","status-publish","format-standard","has-post-thumbnail","hentry","category-noticias"],"_links":{"self":[{"href":"https:\/\/transparencia.camaracolombo.pr.gov.br\/index.php\/wp-json\/wp\/v2\/posts\/46916","targetHints":{"allow":["GET"]}}],"collection":[{"href":"https:\/\/transparencia.camaracolombo.pr.gov.br\/index.php\/wp-json\/wp\/v2\/posts"}],"about":[{"href":"https:\/\/transparencia.camaracolombo.pr.gov.br\/index.php\/wp-json\/wp\/v2\/types\/post"}],"author":[{"embeddable":true,"href":"https:\/\/transparencia.camaracolombo.pr.gov.br\/index.php\/wp-json\/wp\/v2\/users\/2"}],"replies":[{"embeddable":true,"href":"https:\/\/transparencia.camaracolombo.pr.gov.br\/index.php\/wp-json\/wp\/v2\/comments?post=46916"}],"version-history":[{"count":6,"href":"https:\/\/transparencia.camaracolombo.pr.gov.br\/index.php\/wp-json\/wp\/v2\/posts\/46916\/revisions"}],"predecessor-version":[{"id":46932,"href":"https:\/\/transparencia.camaracolombo.pr.gov.br\/index.php\/wp-json\/wp\/v2\/posts\/46916\/revisions\/46932"}],"wp:featuredmedia":[{"embeddable":true,"href":"https:\/\/transparencia.camaracolombo.pr.gov.br\/index.php\/wp-json\/wp\/v2\/media\/46917"}],"wp:attachment":[{"href":"https:\/\/transparencia.camaracolombo.pr.gov.br\/index.php\/wp-json\/wp\/v2\/media?parent=46916"}],"wp:term":[{"taxonomy":"category","embeddable":true,"href":"https:\/\/transparencia.camaracolombo.pr.gov.br\/index.php\/wp-json\/wp\/v2\/categories?post=46916"},{"taxonomy":"post_tag","embeddable":true,"href":"https:\/\/transparencia.camaracolombo.pr.gov.br\/index.php\/wp-json\/wp\/v2\/tags?post=46916"}],"curies":[{"name":"wp","href":"https:\/\/api.w.org\/{rel}","templated":true}]}}