


{"id":46933,"date":"2025-04-25T14:34:35","date_gmt":"2025-04-25T17:34:35","guid":{"rendered":"https:\/\/transparencia.camaracolombo.pr.gov.br\/?p=46933"},"modified":"2025-04-25T14:47:52","modified_gmt":"2025-04-25T17:47:52","slug":"em-sessao-solene-edis-entregam-votos-de-congratulacoes-2","status":"publish","type":"post","link":"https:\/\/transparencia.camaracolombo.pr.gov.br\/index.php\/2025\/04\/25\/em-sessao-solene-edis-entregam-votos-de-congratulacoes-2\/","title":{"rendered":"Em sess\u00e3o solene, edis entregam votos de congratula\u00e7\u00f5es"},"content":{"rendered":"\n<p class=\"wp-block-paragraph\"><strong><em>A Casa Legislativa colombense abre esse espa\u00e7o para a valoriza\u00e7\u00e3o de personalidades, empresas e institui\u00e7\u00f5es pelos relevantes servi\u00e7os e trabalhos realizados em prol do munic\u00edpio.<\/em><\/strong><\/p>\n\n\n\n<figure class=\"wp-block-image\"><img loading=\"lazy\" decoding=\"async\" width=\"1024\" height=\"733\" src=\"https:\/\/transparencia.camaracolombo.pr.gov.br\/wp-content\/uploads\/2025\/04\/DSC0915-1024x733.jpg\" alt=\"\" class=\"wp-image-46935\" srcset=\"https:\/\/transparencia.camaracolombo.pr.gov.br\/wp-content\/uploads\/2025\/04\/DSC0915-1024x733.jpg 1024w, https:\/\/transparencia.camaracolombo.pr.gov.br\/wp-content\/uploads\/2025\/04\/DSC0915-300x215.jpg 300w, https:\/\/transparencia.camaracolombo.pr.gov.br\/wp-content\/uploads\/2025\/04\/DSC0915-768x550.jpg 768w\" sizes=\"auto, (max-width: 1024px) 100vw, 1024px\" \/><figcaption><strong>Durante sess\u00e3o solene, CMC ganha exemplar do livro Teatro Gua\u00edra 140 Anos. <\/strong><br>(Foto: Silmara Portes\/CMC)<\/figcaption><\/figure>\n\n\n\n<p class=\"wp-block-paragraph\">A C\u00e2mara Municipal de Colombo realizou, na noite desta quinta-feira (24), uma sess\u00e3o solene com o objetivo de promover a entrega de votos de congratula\u00e7\u00f5es. Propostos pelos parlamentares, esses requerimentos s\u00e3o registrados e aprovados durante as sess\u00f5es ordin\u00e1rias.<\/p>\n\n\n\n<p class=\"wp-block-paragraph\">A solenidade, realizada no Plen\u00e1rio Presidente Tancredo de Almeida Neves, foi presidida pelo vice-presidente da Casa de Leis, vereador Ratinho Gotardo (PSD), e contou com a presen\u00e7a dos vereadores propositores, homenageados, amigos e familiares, convidados, autoridades e comunidade.<\/p>\n\n\n\n<p class=\"wp-block-paragraph\">Apresentados pelos vereadores durante as sess\u00f5es plen\u00e1rias, essas homenagens ressaltam a import\u00e2ncia das atividades, dos trabalhos, dos servi\u00e7os prestados, al\u00e9m do reconhecimento de pessoas, empresas e institui\u00e7\u00f5es que promovem o desenvolvimento do munic\u00edpio de Colombo.<\/p>\n\n\n\n<p class=\"wp-block-paragraph\">Na ocasi\u00e3o, realizaram as homenagens os vereadores Pastor Abelardo Gomes (PSD), Renato da Farm\u00e1cia (PSD), Tininho Mello (PSD), Elcio do Avi\u00e1rio (MDB), Ademar Costa (Uni\u00e3o), Ratinho Gotardo (PSD), Pastor Helio Feitosa (PL), Maicon Martins (PP) e Z\u00e9 Arcie (PL). <\/p>\n\n\n\n<p class=\"wp-block-paragraph\">Confira abaixo mais fotos do evento.<\/p>\n\n\n\n<ul class=\"wp-block-gallery columns-5 is-cropped wp-block-gallery-1 is-layout-flex wp-block-gallery-is-layout-flex\"><li class=\"blocks-gallery-item\"><figure><a href=\"https:\/\/transparencia.camaracolombo.pr.gov.br\/wp-content\/uploads\/2025\/04\/DSC0820-1024x613.jpg\"><img loading=\"lazy\" decoding=\"async\" width=\"1024\" height=\"613\" src=\"https:\/\/transparencia.camaracolombo.pr.gov.br\/wp-content\/uploads\/2025\/04\/DSC0820-1024x613.jpg\" alt=\"\" data-id=\"46936\" data-link=\"https:\/\/transparencia.camaracolombo.pr.gov.br\/?attachment_id=46936\" class=\"wp-image-46936\" srcset=\"https:\/\/transparencia.camaracolombo.pr.gov.br\/wp-content\/uploads\/2025\/04\/DSC0820-1024x613.jpg 1024w, https:\/\/transparencia.camaracolombo.pr.gov.br\/wp-content\/uploads\/2025\/04\/DSC0820-300x180.jpg 300w, https:\/\/transparencia.camaracolombo.pr.gov.br\/wp-content\/uploads\/2025\/04\/DSC0820-768x460.jpg 768w\" sizes=\"auto, (max-width: 1024px) 100vw, 1024px\" \/><\/a><\/figure><\/li><li class=\"blocks-gallery-item\"><figure><a href=\"https:\/\/transparencia.camaracolombo.pr.gov.br\/wp-content\/uploads\/2025\/04\/DSC0816-1024x655.jpg\"><img loading=\"lazy\" decoding=\"async\" width=\"1024\" height=\"655\" src=\"https:\/\/transparencia.camaracolombo.pr.gov.br\/wp-content\/uploads\/2025\/04\/DSC0816-1024x655.jpg\" alt=\"\" data-id=\"46937\" data-link=\"https:\/\/transparencia.camaracolombo.pr.gov.br\/?attachment_id=46937\" class=\"wp-image-46937\" srcset=\"https:\/\/transparencia.camaracolombo.pr.gov.br\/wp-content\/uploads\/2025\/04\/DSC0816-1024x655.jpg 1024w, https:\/\/transparencia.camaracolombo.pr.gov.br\/wp-content\/uploads\/2025\/04\/DSC0816-300x192.jpg 300w, https:\/\/transparencia.camaracolombo.pr.gov.br\/wp-content\/uploads\/2025\/04\/DSC0816-768x492.jpg 768w\" sizes=\"auto, (max-width: 1024px) 100vw, 1024px\" \/><\/a><\/figure><\/li><li class=\"blocks-gallery-item\"><figure><a href=\"https:\/\/transparencia.camaracolombo.pr.gov.br\/wp-content\/uploads\/2025\/04\/DSC0797-1024x832.jpg\"><img loading=\"lazy\" decoding=\"async\" width=\"1024\" height=\"832\" src=\"https:\/\/transparencia.camaracolombo.pr.gov.br\/wp-content\/uploads\/2025\/04\/DSC0797-1024x832.jpg\" alt=\"\" data-id=\"46938\" data-link=\"https:\/\/transparencia.camaracolombo.pr.gov.br\/?attachment_id=46938\" class=\"wp-image-46938\" srcset=\"https:\/\/transparencia.camaracolombo.pr.gov.br\/wp-content\/uploads\/2025\/04\/DSC0797-1024x832.jpg 1024w, https:\/\/transparencia.camaracolombo.pr.gov.br\/wp-content\/uploads\/2025\/04\/DSC0797-300x244.jpg 300w, https:\/\/transparencia.camaracolombo.pr.gov.br\/wp-content\/uploads\/2025\/04\/DSC0797-768x624.jpg 768w\" sizes=\"auto, (max-width: 1024px) 100vw, 1024px\" \/><\/a><\/figure><\/li><li class=\"blocks-gallery-item\"><figure><a href=\"https:\/\/transparencia.camaracolombo.pr.gov.br\/wp-content\/uploads\/2025\/04\/DSC0793-1024x1021.jpg\"><img loading=\"lazy\" decoding=\"async\" width=\"1024\" height=\"1021\" src=\"https:\/\/transparencia.camaracolombo.pr.gov.br\/wp-content\/uploads\/2025\/04\/DSC0793-1024x1021.jpg\" alt=\"\" data-id=\"46939\" data-link=\"https:\/\/transparencia.camaracolombo.pr.gov.br\/?attachment_id=46939\" class=\"wp-image-46939\" srcset=\"https:\/\/transparencia.camaracolombo.pr.gov.br\/wp-content\/uploads\/2025\/04\/DSC0793-1024x1021.jpg 1024w, https:\/\/transparencia.camaracolombo.pr.gov.br\/wp-content\/uploads\/2025\/04\/DSC0793-150x150.jpg 150w, https:\/\/transparencia.camaracolombo.pr.gov.br\/wp-content\/uploads\/2025\/04\/DSC0793-300x300.jpg 300w, https:\/\/transparencia.camaracolombo.pr.gov.br\/wp-content\/uploads\/2025\/04\/DSC0793-768x765.jpg 768w\" sizes=\"auto, (max-width: 1024px) 100vw, 1024px\" \/><\/a><\/figure><\/li><li class=\"blocks-gallery-item\"><figure><a href=\"https:\/\/transparencia.camaracolombo.pr.gov.br\/wp-content\/uploads\/2025\/04\/DSC0792-1024x683.jpg\"><img loading=\"lazy\" decoding=\"async\" width=\"1024\" height=\"683\" src=\"https:\/\/transparencia.camaracolombo.pr.gov.br\/wp-content\/uploads\/2025\/04\/DSC0792-1024x683.jpg\" alt=\"\" data-id=\"46940\" data-link=\"https:\/\/transparencia.camaracolombo.pr.gov.br\/?attachment_id=46940\" class=\"wp-image-46940\" srcset=\"https:\/\/transparencia.camaracolombo.pr.gov.br\/wp-content\/uploads\/2025\/04\/DSC0792-1024x683.jpg 1024w, https:\/\/transparencia.camaracolombo.pr.gov.br\/wp-content\/uploads\/2025\/04\/DSC0792-300x200.jpg 300w, https:\/\/transparencia.camaracolombo.pr.gov.br\/wp-content\/uploads\/2025\/04\/DSC0792-768x512.jpg 768w, https:\/\/transparencia.camaracolombo.pr.gov.br\/wp-content\/uploads\/2025\/04\/DSC0792-840x560.jpg 840w, https:\/\/transparencia.camaracolombo.pr.gov.br\/wp-content\/uploads\/2025\/04\/DSC0792-120x80.jpg 120w, https:\/\/transparencia.camaracolombo.pr.gov.br\/wp-content\/uploads\/2025\/04\/DSC0792-360x240.jpg 360w, https:\/\/transparencia.camaracolombo.pr.gov.br\/wp-content\/uploads\/2025\/04\/DSC0792-600x400.jpg 600w\" sizes=\"auto, (max-width: 1024px) 100vw, 1024px\" \/><\/a><\/figure><\/li><li class=\"blocks-gallery-item\"><figure><a href=\"https:\/\/transparencia.camaracolombo.pr.gov.br\/wp-content\/uploads\/2025\/04\/DSC0791-1024x827.jpg\"><img loading=\"lazy\" decoding=\"async\" width=\"1024\" height=\"827\" src=\"https:\/\/transparencia.camaracolombo.pr.gov.br\/wp-content\/uploads\/2025\/04\/DSC0791-1024x827.jpg\" alt=\"\" data-id=\"46941\" data-link=\"https:\/\/transparencia.camaracolombo.pr.gov.br\/?attachment_id=46941\" class=\"wp-image-46941\" srcset=\"https:\/\/transparencia.camaracolombo.pr.gov.br\/wp-content\/uploads\/2025\/04\/DSC0791-1024x827.jpg 1024w, https:\/\/transparencia.camaracolombo.pr.gov.br\/wp-content\/uploads\/2025\/04\/DSC0791-300x242.jpg 300w, https:\/\/transparencia.camaracolombo.pr.gov.br\/wp-content\/uploads\/2025\/04\/DSC0791-768x620.jpg 768w\" sizes=\"auto, (max-width: 1024px) 100vw, 1024px\" \/><\/a><\/figure><\/li><li class=\"blocks-gallery-item\"><figure><a href=\"https:\/\/transparencia.camaracolombo.pr.gov.br\/wp-content\/uploads\/2025\/04\/DSC0790-1024x960.jpg\"><img loading=\"lazy\" decoding=\"async\" width=\"1024\" height=\"960\" src=\"https:\/\/transparencia.camaracolombo.pr.gov.br\/wp-content\/uploads\/2025\/04\/DSC0790-1024x960.jpg\" alt=\"\" data-id=\"46942\" data-link=\"https:\/\/transparencia.camaracolombo.pr.gov.br\/?attachment_id=46942\" class=\"wp-image-46942\" srcset=\"https:\/\/transparencia.camaracolombo.pr.gov.br\/wp-content\/uploads\/2025\/04\/DSC0790-1024x960.jpg 1024w, https:\/\/transparencia.camaracolombo.pr.gov.br\/wp-content\/uploads\/2025\/04\/DSC0790-300x281.jpg 300w, https:\/\/transparencia.camaracolombo.pr.gov.br\/wp-content\/uploads\/2025\/04\/DSC0790-768x720.jpg 768w\" sizes=\"auto, (max-width: 1024px) 100vw, 1024px\" \/><\/a><\/figure><\/li><li class=\"blocks-gallery-item\"><figure><a href=\"https:\/\/transparencia.camaracolombo.pr.gov.br\/wp-content\/uploads\/2025\/04\/DSC0788-1024x831.jpg\"><img loading=\"lazy\" decoding=\"async\" width=\"1024\" height=\"831\" src=\"https:\/\/transparencia.camaracolombo.pr.gov.br\/wp-content\/uploads\/2025\/04\/DSC0788-1024x831.jpg\" alt=\"\" data-id=\"46943\" data-link=\"https:\/\/transparencia.camaracolombo.pr.gov.br\/?attachment_id=46943\" class=\"wp-image-46943\" srcset=\"https:\/\/transparencia.camaracolombo.pr.gov.br\/wp-content\/uploads\/2025\/04\/DSC0788-1024x831.jpg 1024w, https:\/\/transparencia.camaracolombo.pr.gov.br\/wp-content\/uploads\/2025\/04\/DSC0788-300x243.jpg 300w, https:\/\/transparencia.camaracolombo.pr.gov.br\/wp-content\/uploads\/2025\/04\/DSC0788-768x623.jpg 768w\" sizes=\"auto, (max-width: 1024px) 100vw, 1024px\" \/><\/a><\/figure><\/li><li class=\"blocks-gallery-item\"><figure><a href=\"https:\/\/transparencia.camaracolombo.pr.gov.br\/wp-content\/uploads\/2025\/04\/DSC0918-1024x683.jpg\"><img loading=\"lazy\" decoding=\"async\" width=\"1024\" height=\"683\" src=\"https:\/\/transparencia.camaracolombo.pr.gov.br\/wp-content\/uploads\/2025\/04\/DSC0918-1024x683.jpg\" alt=\"\" data-id=\"46944\" data-link=\"https:\/\/transparencia.camaracolombo.pr.gov.br\/?attachment_id=46944\" class=\"wp-image-46944\" srcset=\"https:\/\/transparencia.camaracolombo.pr.gov.br\/wp-content\/uploads\/2025\/04\/DSC0918-1024x683.jpg 1024w, https:\/\/transparencia.camaracolombo.pr.gov.br\/wp-content\/uploads\/2025\/04\/DSC0918-300x200.jpg 300w, https:\/\/transparencia.camaracolombo.pr.gov.br\/wp-content\/uploads\/2025\/04\/DSC0918-768x512.jpg 768w, https:\/\/transparencia.camaracolombo.pr.gov.br\/wp-content\/uploads\/2025\/04\/DSC0918-840x560.jpg 840w, https:\/\/transparencia.camaracolombo.pr.gov.br\/wp-content\/uploads\/2025\/04\/DSC0918-120x80.jpg 120w, https:\/\/transparencia.camaracolombo.pr.gov.br\/wp-content\/uploads\/2025\/04\/DSC0918-360x240.jpg 360w, https:\/\/transparencia.camaracolombo.pr.gov.br\/wp-content\/uploads\/2025\/04\/DSC0918-600x400.jpg 600w\" sizes=\"auto, (max-width: 1024px) 100vw, 1024px\" \/><\/a><\/figure><\/li><li class=\"blocks-gallery-item\"><figure><a href=\"https:\/\/transparencia.camaracolombo.pr.gov.br\/wp-content\/uploads\/2025\/04\/DSC0915-1-1024x733.jpg\"><img loading=\"lazy\" decoding=\"async\" width=\"1024\" height=\"733\" src=\"https:\/\/transparencia.camaracolombo.pr.gov.br\/wp-content\/uploads\/2025\/04\/DSC0915-1-1024x733.jpg\" alt=\"\" data-id=\"46945\" data-link=\"https:\/\/transparencia.camaracolombo.pr.gov.br\/?attachment_id=46945\" class=\"wp-image-46945\" srcset=\"https:\/\/transparencia.camaracolombo.pr.gov.br\/wp-content\/uploads\/2025\/04\/DSC0915-1-1024x733.jpg 1024w, https:\/\/transparencia.camaracolombo.pr.gov.br\/wp-content\/uploads\/2025\/04\/DSC0915-1-300x215.jpg 300w, https:\/\/transparencia.camaracolombo.pr.gov.br\/wp-content\/uploads\/2025\/04\/DSC0915-1-768x550.jpg 768w\" sizes=\"auto, (max-width: 1024px) 100vw, 1024px\" \/><\/a><\/figure><\/li><li class=\"blocks-gallery-item\"><figure><a href=\"https:\/\/transparencia.camaracolombo.pr.gov.br\/wp-content\/uploads\/2025\/04\/DSC0894-1024x938.jpg\"><img loading=\"lazy\" decoding=\"async\" width=\"1024\" height=\"938\" src=\"https:\/\/transparencia.camaracolombo.pr.gov.br\/wp-content\/uploads\/2025\/04\/DSC0894-1024x938.jpg\" alt=\"\" data-id=\"46947\" data-link=\"https:\/\/transparencia.camaracolombo.pr.gov.br\/?attachment_id=46947\" class=\"wp-image-46947\" srcset=\"https:\/\/transparencia.camaracolombo.pr.gov.br\/wp-content\/uploads\/2025\/04\/DSC0894-1024x938.jpg 1024w, https:\/\/transparencia.camaracolombo.pr.gov.br\/wp-content\/uploads\/2025\/04\/DSC0894-300x275.jpg 300w, https:\/\/transparencia.camaracolombo.pr.gov.br\/wp-content\/uploads\/2025\/04\/DSC0894-768x704.jpg 768w\" sizes=\"auto, (max-width: 1024px) 100vw, 1024px\" \/><\/a><\/figure><\/li><li class=\"blocks-gallery-item\"><figure><a href=\"https:\/\/transparencia.camaracolombo.pr.gov.br\/wp-content\/uploads\/2025\/04\/DSC0881-1024x834.jpg\"><img loading=\"lazy\" decoding=\"async\" width=\"1024\" height=\"834\" src=\"https:\/\/transparencia.camaracolombo.pr.gov.br\/wp-content\/uploads\/2025\/04\/DSC0881-1024x834.jpg\" alt=\"\" data-id=\"46948\" data-link=\"https:\/\/transparencia.camaracolombo.pr.gov.br\/?attachment_id=46948\" class=\"wp-image-46948\" srcset=\"https:\/\/transparencia.camaracolombo.pr.gov.br\/wp-content\/uploads\/2025\/04\/DSC0881-1024x834.jpg 1024w, https:\/\/transparencia.camaracolombo.pr.gov.br\/wp-content\/uploads\/2025\/04\/DSC0881-300x244.jpg 300w, https:\/\/transparencia.camaracolombo.pr.gov.br\/wp-content\/uploads\/2025\/04\/DSC0881-768x625.jpg 768w\" sizes=\"auto, (max-width: 1024px) 100vw, 1024px\" \/><\/a><\/figure><\/li><li class=\"blocks-gallery-item\"><figure><a href=\"https:\/\/transparencia.camaracolombo.pr.gov.br\/wp-content\/uploads\/2025\/04\/DSC0878-1024x683.jpg\"><img loading=\"lazy\" decoding=\"async\" width=\"1024\" height=\"683\" src=\"https:\/\/transparencia.camaracolombo.pr.gov.br\/wp-content\/uploads\/2025\/04\/DSC0878-1024x683.jpg\" alt=\"\" data-id=\"46949\" data-link=\"https:\/\/transparencia.camaracolombo.pr.gov.br\/?attachment_id=46949\" class=\"wp-image-46949\" srcset=\"https:\/\/transparencia.camaracolombo.pr.gov.br\/wp-content\/uploads\/2025\/04\/DSC0878-1024x683.jpg 1024w, https:\/\/transparencia.camaracolombo.pr.gov.br\/wp-content\/uploads\/2025\/04\/DSC0878-300x200.jpg 300w, https:\/\/transparencia.camaracolombo.pr.gov.br\/wp-content\/uploads\/2025\/04\/DSC0878-768x512.jpg 768w, https:\/\/transparencia.camaracolombo.pr.gov.br\/wp-content\/uploads\/2025\/04\/DSC0878-840x560.jpg 840w, https:\/\/transparencia.camaracolombo.pr.gov.br\/wp-content\/uploads\/2025\/04\/DSC0878-120x80.jpg 120w, https:\/\/transparencia.camaracolombo.pr.gov.br\/wp-content\/uploads\/2025\/04\/DSC0878-360x240.jpg 360w, https:\/\/transparencia.camaracolombo.pr.gov.br\/wp-content\/uploads\/2025\/04\/DSC0878-600x400.jpg 600w\" sizes=\"auto, (max-width: 1024px) 100vw, 1024px\" \/><\/a><\/figure><\/li><li class=\"blocks-gallery-item\"><figure><a href=\"https:\/\/transparencia.camaracolombo.pr.gov.br\/wp-content\/uploads\/2025\/04\/DSC0877-1024x691.jpg\"><img loading=\"lazy\" decoding=\"async\" width=\"1024\" height=\"691\" src=\"https:\/\/transparencia.camaracolombo.pr.gov.br\/wp-content\/uploads\/2025\/04\/DSC0877-1024x691.jpg\" alt=\"\" data-id=\"46950\" data-link=\"https:\/\/transparencia.camaracolombo.pr.gov.br\/?attachment_id=46950\" class=\"wp-image-46950\" srcset=\"https:\/\/transparencia.camaracolombo.pr.gov.br\/wp-content\/uploads\/2025\/04\/DSC0877-1024x691.jpg 1024w, https:\/\/transparencia.camaracolombo.pr.gov.br\/wp-content\/uploads\/2025\/04\/DSC0877-300x202.jpg 300w, https:\/\/transparencia.camaracolombo.pr.gov.br\/wp-content\/uploads\/2025\/04\/DSC0877-768x518.jpg 768w, https:\/\/transparencia.camaracolombo.pr.gov.br\/wp-content\/uploads\/2025\/04\/DSC0877-120x80.jpg 120w\" sizes=\"auto, (max-width: 1024px) 100vw, 1024px\" \/><\/a><\/figure><\/li><li class=\"blocks-gallery-item\"><figure><a href=\"https:\/\/transparencia.camaracolombo.pr.gov.br\/wp-content\/uploads\/2025\/04\/DSC0869-1024x836.jpg\"><img loading=\"lazy\" decoding=\"async\" width=\"1024\" height=\"836\" src=\"https:\/\/transparencia.camaracolombo.pr.gov.br\/wp-content\/uploads\/2025\/04\/DSC0869-1024x836.jpg\" alt=\"\" data-id=\"46951\" data-link=\"https:\/\/transparencia.camaracolombo.pr.gov.br\/?attachment_id=46951\" class=\"wp-image-46951\" srcset=\"https:\/\/transparencia.camaracolombo.pr.gov.br\/wp-content\/uploads\/2025\/04\/DSC0869-1024x836.jpg 1024w, https:\/\/transparencia.camaracolombo.pr.gov.br\/wp-content\/uploads\/2025\/04\/DSC0869-300x245.jpg 300w, https:\/\/transparencia.camaracolombo.pr.gov.br\/wp-content\/uploads\/2025\/04\/DSC0869-768x627.jpg 768w\" sizes=\"auto, (max-width: 1024px) 100vw, 1024px\" \/><\/a><\/figure><\/li><li class=\"blocks-gallery-item\"><figure><a href=\"https:\/\/transparencia.camaracolombo.pr.gov.br\/wp-content\/uploads\/2025\/04\/DSC0861-1024x946.jpg\"><img loading=\"lazy\" decoding=\"async\" width=\"1024\" height=\"946\" src=\"https:\/\/transparencia.camaracolombo.pr.gov.br\/wp-content\/uploads\/2025\/04\/DSC0861-1024x946.jpg\" alt=\"\" data-id=\"46952\" data-link=\"https:\/\/transparencia.camaracolombo.pr.gov.br\/?attachment_id=46952\" class=\"wp-image-46952\" srcset=\"https:\/\/transparencia.camaracolombo.pr.gov.br\/wp-content\/uploads\/2025\/04\/DSC0861-1024x946.jpg 1024w, https:\/\/transparencia.camaracolombo.pr.gov.br\/wp-content\/uploads\/2025\/04\/DSC0861-300x277.jpg 300w, https:\/\/transparencia.camaracolombo.pr.gov.br\/wp-content\/uploads\/2025\/04\/DSC0861-768x709.jpg 768w\" sizes=\"auto, (max-width: 1024px) 100vw, 1024px\" \/><\/a><\/figure><\/li><li class=\"blocks-gallery-item\"><figure><a href=\"https:\/\/transparencia.camaracolombo.pr.gov.br\/wp-content\/uploads\/2025\/04\/DSC0857-1024x896.jpg\"><img loading=\"lazy\" decoding=\"async\" width=\"1024\" height=\"896\" src=\"https:\/\/transparencia.camaracolombo.pr.gov.br\/wp-content\/uploads\/2025\/04\/DSC0857-1024x896.jpg\" alt=\"\" data-id=\"46953\" data-link=\"https:\/\/transparencia.camaracolombo.pr.gov.br\/?attachment_id=46953\" class=\"wp-image-46953\" srcset=\"https:\/\/transparencia.camaracolombo.pr.gov.br\/wp-content\/uploads\/2025\/04\/DSC0857-1024x896.jpg 1024w, https:\/\/transparencia.camaracolombo.pr.gov.br\/wp-content\/uploads\/2025\/04\/DSC0857-300x262.jpg 300w, https:\/\/transparencia.camaracolombo.pr.gov.br\/wp-content\/uploads\/2025\/04\/DSC0857-768x672.jpg 768w\" sizes=\"auto, (max-width: 1024px) 100vw, 1024px\" \/><\/a><\/figure><\/li><li class=\"blocks-gallery-item\"><figure><a href=\"https:\/\/transparencia.camaracolombo.pr.gov.br\/wp-content\/uploads\/2025\/04\/DSC0854-1024x683.jpg\"><img loading=\"lazy\" decoding=\"async\" width=\"1024\" height=\"683\" src=\"https:\/\/transparencia.camaracolombo.pr.gov.br\/wp-content\/uploads\/2025\/04\/DSC0854-1024x683.jpg\" alt=\"\" data-id=\"46954\" data-link=\"https:\/\/transparencia.camaracolombo.pr.gov.br\/?attachment_id=46954\" class=\"wp-image-46954\" srcset=\"https:\/\/transparencia.camaracolombo.pr.gov.br\/wp-content\/uploads\/2025\/04\/DSC0854-1024x683.jpg 1024w, https:\/\/transparencia.camaracolombo.pr.gov.br\/wp-content\/uploads\/2025\/04\/DSC0854-300x200.jpg 300w, https:\/\/transparencia.camaracolombo.pr.gov.br\/wp-content\/uploads\/2025\/04\/DSC0854-768x512.jpg 768w, https:\/\/transparencia.camaracolombo.pr.gov.br\/wp-content\/uploads\/2025\/04\/DSC0854-840x560.jpg 840w, https:\/\/transparencia.camaracolombo.pr.gov.br\/wp-content\/uploads\/2025\/04\/DSC0854-120x80.jpg 120w, https:\/\/transparencia.camaracolombo.pr.gov.br\/wp-content\/uploads\/2025\/04\/DSC0854-360x240.jpg 360w, https:\/\/transparencia.camaracolombo.pr.gov.br\/wp-content\/uploads\/2025\/04\/DSC0854-600x400.jpg 600w\" sizes=\"auto, (max-width: 1024px) 100vw, 1024px\" \/><\/a><\/figure><\/li><li class=\"blocks-gallery-item\"><figure><a href=\"https:\/\/transparencia.camaracolombo.pr.gov.br\/wp-content\/uploads\/2025\/04\/DSC0853-1-1024x683.jpg\"><img loading=\"lazy\" decoding=\"async\" width=\"1024\" height=\"683\" src=\"https:\/\/transparencia.camaracolombo.pr.gov.br\/wp-content\/uploads\/2025\/04\/DSC0853-1-1024x683.jpg\" alt=\"\" data-id=\"46956\" data-link=\"https:\/\/transparencia.camaracolombo.pr.gov.br\/?attachment_id=46956\" class=\"wp-image-46956\" srcset=\"https:\/\/transparencia.camaracolombo.pr.gov.br\/wp-content\/uploads\/2025\/04\/DSC0853-1-1024x683.jpg 1024w, https:\/\/transparencia.camaracolombo.pr.gov.br\/wp-content\/uploads\/2025\/04\/DSC0853-1-300x200.jpg 300w, https:\/\/transparencia.camaracolombo.pr.gov.br\/wp-content\/uploads\/2025\/04\/DSC0853-1-768x512.jpg 768w, https:\/\/transparencia.camaracolombo.pr.gov.br\/wp-content\/uploads\/2025\/04\/DSC0853-1-840x560.jpg 840w, https:\/\/transparencia.camaracolombo.pr.gov.br\/wp-content\/uploads\/2025\/04\/DSC0853-1-120x80.jpg 120w, https:\/\/transparencia.camaracolombo.pr.gov.br\/wp-content\/uploads\/2025\/04\/DSC0853-1-360x240.jpg 360w, https:\/\/transparencia.camaracolombo.pr.gov.br\/wp-content\/uploads\/2025\/04\/DSC0853-1-600x400.jpg 600w\" sizes=\"auto, (max-width: 1024px) 100vw, 1024px\" \/><\/a><\/figure><\/li><li class=\"blocks-gallery-item\"><figure><a href=\"https:\/\/transparencia.camaracolombo.pr.gov.br\/wp-content\/uploads\/2025\/04\/DSC0850-1024x683.jpg\"><img loading=\"lazy\" decoding=\"async\" width=\"1024\" height=\"683\" src=\"https:\/\/transparencia.camaracolombo.pr.gov.br\/wp-content\/uploads\/2025\/04\/DSC0850-1024x683.jpg\" alt=\"\" data-id=\"46957\" data-link=\"https:\/\/transparencia.camaracolombo.pr.gov.br\/?attachment_id=46957\" class=\"wp-image-46957\" srcset=\"https:\/\/transparencia.camaracolombo.pr.gov.br\/wp-content\/uploads\/2025\/04\/DSC0850-1024x683.jpg 1024w, https:\/\/transparencia.camaracolombo.pr.gov.br\/wp-content\/uploads\/2025\/04\/DSC0850-300x200.jpg 300w, https:\/\/transparencia.camaracolombo.pr.gov.br\/wp-content\/uploads\/2025\/04\/DSC0850-768x512.jpg 768w, https:\/\/transparencia.camaracolombo.pr.gov.br\/wp-content\/uploads\/2025\/04\/DSC0850-840x560.jpg 840w, https:\/\/transparencia.camaracolombo.pr.gov.br\/wp-content\/uploads\/2025\/04\/DSC0850-120x80.jpg 120w, https:\/\/transparencia.camaracolombo.pr.gov.br\/wp-content\/uploads\/2025\/04\/DSC0850-360x240.jpg 360w, https:\/\/transparencia.camaracolombo.pr.gov.br\/wp-content\/uploads\/2025\/04\/DSC0850-600x400.jpg 600w\" sizes=\"auto, (max-width: 1024px) 100vw, 1024px\" \/><\/a><\/figure><\/li><li class=\"blocks-gallery-item\"><figure><a href=\"https:\/\/transparencia.camaracolombo.pr.gov.br\/wp-content\/uploads\/2025\/04\/DSC0841-1024x683.jpg\"><img loading=\"lazy\" decoding=\"async\" width=\"1024\" height=\"683\" src=\"https:\/\/transparencia.camaracolombo.pr.gov.br\/wp-content\/uploads\/2025\/04\/DSC0841-1024x683.jpg\" alt=\"\" data-id=\"46958\" data-link=\"https:\/\/transparencia.camaracolombo.pr.gov.br\/?attachment_id=46958\" class=\"wp-image-46958\" srcset=\"https:\/\/transparencia.camaracolombo.pr.gov.br\/wp-content\/uploads\/2025\/04\/DSC0841-1024x683.jpg 1024w, https:\/\/transparencia.camaracolombo.pr.gov.br\/wp-content\/uploads\/2025\/04\/DSC0841-300x200.jpg 300w, https:\/\/transparencia.camaracolombo.pr.gov.br\/wp-content\/uploads\/2025\/04\/DSC0841-768x512.jpg 768w, https:\/\/transparencia.camaracolombo.pr.gov.br\/wp-content\/uploads\/2025\/04\/DSC0841-840x560.jpg 840w, https:\/\/transparencia.camaracolombo.pr.gov.br\/wp-content\/uploads\/2025\/04\/DSC0841-120x80.jpg 120w, https:\/\/transparencia.camaracolombo.pr.gov.br\/wp-content\/uploads\/2025\/04\/DSC0841-360x240.jpg 360w, https:\/\/transparencia.camaracolombo.pr.gov.br\/wp-content\/uploads\/2025\/04\/DSC0841-600x400.jpg 600w\" sizes=\"auto, (max-width: 1024px) 100vw, 1024px\" \/><\/a><\/figure><\/li><li class=\"blocks-gallery-item\"><figure><a href=\"https:\/\/transparencia.camaracolombo.pr.gov.br\/wp-content\/uploads\/2025\/04\/DSC0839-1024x683.jpg\"><img loading=\"lazy\" decoding=\"async\" width=\"1024\" height=\"683\" src=\"https:\/\/transparencia.camaracolombo.pr.gov.br\/wp-content\/uploads\/2025\/04\/DSC0839-1024x683.jpg\" alt=\"\" data-id=\"46959\" data-link=\"https:\/\/transparencia.camaracolombo.pr.gov.br\/?attachment_id=46959\" class=\"wp-image-46959\" srcset=\"https:\/\/transparencia.camaracolombo.pr.gov.br\/wp-content\/uploads\/2025\/04\/DSC0839-1024x683.jpg 1024w, https:\/\/transparencia.camaracolombo.pr.gov.br\/wp-content\/uploads\/2025\/04\/DSC0839-300x200.jpg 300w, https:\/\/transparencia.camaracolombo.pr.gov.br\/wp-content\/uploads\/2025\/04\/DSC0839-768x512.jpg 768w, https:\/\/transparencia.camaracolombo.pr.gov.br\/wp-content\/uploads\/2025\/04\/DSC0839-840x560.jpg 840w, https:\/\/transparencia.camaracolombo.pr.gov.br\/wp-content\/uploads\/2025\/04\/DSC0839-120x80.jpg 120w, https:\/\/transparencia.camaracolombo.pr.gov.br\/wp-content\/uploads\/2025\/04\/DSC0839-360x240.jpg 360w, https:\/\/transparencia.camaracolombo.pr.gov.br\/wp-content\/uploads\/2025\/04\/DSC0839-600x400.jpg 600w\" sizes=\"auto, (max-width: 1024px) 100vw, 1024px\" \/><\/a><\/figure><\/li><li class=\"blocks-gallery-item\"><figure><a href=\"https:\/\/transparencia.camaracolombo.pr.gov.br\/wp-content\/uploads\/2025\/04\/DSC0834-1024x683.jpg\"><img loading=\"lazy\" decoding=\"async\" width=\"1024\" height=\"683\" src=\"https:\/\/transparencia.camaracolombo.pr.gov.br\/wp-content\/uploads\/2025\/04\/DSC0834-1024x683.jpg\" alt=\"\" data-id=\"46960\" data-link=\"https:\/\/transparencia.camaracolombo.pr.gov.br\/?attachment_id=46960\" class=\"wp-image-46960\" srcset=\"https:\/\/transparencia.camaracolombo.pr.gov.br\/wp-content\/uploads\/2025\/04\/DSC0834-1024x683.jpg 1024w, https:\/\/transparencia.camaracolombo.pr.gov.br\/wp-content\/uploads\/2025\/04\/DSC0834-300x200.jpg 300w, https:\/\/transparencia.camaracolombo.pr.gov.br\/wp-content\/uploads\/2025\/04\/DSC0834-768x512.jpg 768w, https:\/\/transparencia.camaracolombo.pr.gov.br\/wp-content\/uploads\/2025\/04\/DSC0834-840x560.jpg 840w, https:\/\/transparencia.camaracolombo.pr.gov.br\/wp-content\/uploads\/2025\/04\/DSC0834-120x80.jpg 120w, https:\/\/transparencia.camaracolombo.pr.gov.br\/wp-content\/uploads\/2025\/04\/DSC0834-360x240.jpg 360w, https:\/\/transparencia.camaracolombo.pr.gov.br\/wp-content\/uploads\/2025\/04\/DSC0834-600x400.jpg 600w\" sizes=\"auto, (max-width: 1024px) 100vw, 1024px\" \/><\/a><\/figure><\/li><li class=\"blocks-gallery-item\"><figure><a href=\"https:\/\/transparencia.camaracolombo.pr.gov.br\/wp-content\/uploads\/2025\/04\/DSC0901-2-1024x683.jpg\"><img loading=\"lazy\" decoding=\"async\" width=\"1024\" height=\"683\" src=\"https:\/\/transparencia.camaracolombo.pr.gov.br\/wp-content\/uploads\/2025\/04\/DSC0901-2-1024x683.jpg\" alt=\"\" data-id=\"46964\" data-link=\"https:\/\/transparencia.camaracolombo.pr.gov.br\/index.php\/2025\/04\/25\/em-sessao-solene-edis-entregam-votos-de-congratulacoes-2\/_dsc0901-3\/\" class=\"wp-image-46964\" srcset=\"https:\/\/transparencia.camaracolombo.pr.gov.br\/wp-content\/uploads\/2025\/04\/DSC0901-2-1024x683.jpg 1024w, https:\/\/transparencia.camaracolombo.pr.gov.br\/wp-content\/uploads\/2025\/04\/DSC0901-2-300x200.jpg 300w, https:\/\/transparencia.camaracolombo.pr.gov.br\/wp-content\/uploads\/2025\/04\/DSC0901-2-768x512.jpg 768w, https:\/\/transparencia.camaracolombo.pr.gov.br\/wp-content\/uploads\/2025\/04\/DSC0901-2-840x560.jpg 840w, https:\/\/transparencia.camaracolombo.pr.gov.br\/wp-content\/uploads\/2025\/04\/DSC0901-2-120x80.jpg 120w, https:\/\/transparencia.camaracolombo.pr.gov.br\/wp-content\/uploads\/2025\/04\/DSC0901-2-360x240.jpg 360w, https:\/\/transparencia.camaracolombo.pr.gov.br\/wp-content\/uploads\/2025\/04\/DSC0901-2-600x400.jpg 600w\" sizes=\"auto, (max-width: 1024px) 100vw, 1024px\" \/><\/a><\/figure><\/li><\/ul>\n\n\n\n<p class=\"wp-block-paragraph\"><\/p>\n","protected":false},"excerpt":{"rendered":"<p>A Casa Legislativa colombense abre esse espa\u00e7o para a valoriza\u00e7\u00e3o de personalidades, empresas e institui\u00e7\u00f5es [&#8230;]<\/p>\n","protected":false},"author":2,"featured_media":46934,"comment_status":"open","ping_status":"closed","sticky":false,"template":"","format":"standard","meta":{"footnotes":""},"categories":[1],"tags":[],"class_list":["post-46933","post","type-post","status-publish","format-standard","has-post-thumbnail","hentry","category-noticias"],"_links":{"self":[{"href":"https:\/\/transparencia.camaracolombo.pr.gov.br\/index.php\/wp-json\/wp\/v2\/posts\/46933","targetHints":{"allow":["GET"]}}],"collection":[{"href":"https:\/\/transparencia.camaracolombo.pr.gov.br\/index.php\/wp-json\/wp\/v2\/posts"}],"about":[{"href":"https:\/\/transparencia.camaracolombo.pr.gov.br\/index.php\/wp-json\/wp\/v2\/types\/post"}],"author":[{"embeddable":true,"href":"https:\/\/transparencia.camaracolombo.pr.gov.br\/index.php\/wp-json\/wp\/v2\/users\/2"}],"replies":[{"embeddable":true,"href":"https:\/\/transparencia.camaracolombo.pr.gov.br\/index.php\/wp-json\/wp\/v2\/comments?post=46933"}],"version-history":[{"count":3,"href":"https:\/\/transparencia.camaracolombo.pr.gov.br\/index.php\/wp-json\/wp\/v2\/posts\/46933\/revisions"}],"predecessor-version":[{"id":46965,"href":"https:\/\/transparencia.camaracolombo.pr.gov.br\/index.php\/wp-json\/wp\/v2\/posts\/46933\/revisions\/46965"}],"wp:featuredmedia":[{"embeddable":true,"href":"https:\/\/transparencia.camaracolombo.pr.gov.br\/index.php\/wp-json\/wp\/v2\/media\/46934"}],"wp:attachment":[{"href":"https:\/\/transparencia.camaracolombo.pr.gov.br\/index.php\/wp-json\/wp\/v2\/media?parent=46933"}],"wp:term":[{"taxonomy":"category","embeddable":true,"href":"https:\/\/transparencia.camaracolombo.pr.gov.br\/index.php\/wp-json\/wp\/v2\/categories?post=46933"},{"taxonomy":"post_tag","embeddable":true,"href":"https:\/\/transparencia.camaracolombo.pr.gov.br\/index.php\/wp-json\/wp\/v2\/tags?post=46933"}],"curies":[{"name":"wp","href":"https:\/\/api.w.org\/{rel}","templated":true}]}}