


{"id":50524,"date":"2025-10-14T14:00:12","date_gmt":"2025-10-14T17:00:12","guid":{"rendered":"https:\/\/transparencia.camaracolombo.pr.gov.br\/?p=50524"},"modified":"2025-10-14T14:00:12","modified_gmt":"2025-10-14T17:00:12","slug":"comissao-de-economia-financas-orcamento-nomeia-relatores-para-tres-projetos-do-poder-executivo","status":"publish","type":"post","link":"https:\/\/transparencia.camaracolombo.pr.gov.br\/index.php\/2025\/10\/14\/comissao-de-economia-financas-orcamento-nomeia-relatores-para-tres-projetos-do-poder-executivo\/","title":{"rendered":"Comiss\u00e3o de Economia, Finan\u00e7as, Or\u00e7amento nomeia relatores para tr\u00eas projetos do Poder Executivo"},"content":{"rendered":"\n<p class=\"wp-block-paragraph\"><strong><em>Plano Plurianual, LOA e Cr\u00e9dito Adicional Suplementar foram deliberados na reuni\u00e3o do colegiado de<\/em><\/strong> <strong><em>Economia, Finan\u00e7as e Or\u00e7amento\u00a0na\u00a0tarde desta\u00a0ter\u00e7a-feira\u00a0(14).<\/em><\/strong><\/p>\n\n\n\n<figure class=\"wp-block-image\"><img loading=\"lazy\" decoding=\"async\" width=\"1024\" height=\"683\" src=\"https:\/\/transparencia.camaracolombo.pr.gov.br\/wp-content\/uploads\/2025\/10\/DSC3149-1024x683.jpg\" alt=\"\" class=\"wp-image-50526\" srcset=\"https:\/\/transparencia.camaracolombo.pr.gov.br\/wp-content\/uploads\/2025\/10\/DSC3149-1024x683.jpg 1024w, https:\/\/transparencia.camaracolombo.pr.gov.br\/wp-content\/uploads\/2025\/10\/DSC3149-300x200.jpg 300w, https:\/\/transparencia.camaracolombo.pr.gov.br\/wp-content\/uploads\/2025\/10\/DSC3149-768x512.jpg 768w, https:\/\/transparencia.camaracolombo.pr.gov.br\/wp-content\/uploads\/2025\/10\/DSC3149-840x560.jpg 840w, https:\/\/transparencia.camaracolombo.pr.gov.br\/wp-content\/uploads\/2025\/10\/DSC3149-120x80.jpg 120w, https:\/\/transparencia.camaracolombo.pr.gov.br\/wp-content\/uploads\/2025\/10\/DSC3149-360x240.jpg 360w, https:\/\/transparencia.camaracolombo.pr.gov.br\/wp-content\/uploads\/2025\/10\/DSC3149-600x400.jpg 600w\" sizes=\"auto, (max-width: 1024px) 100vw, 1024px\" \/><figcaption><strong>Colegiado teve agenda na tarde desta ter\u00e7a-feira (14).<\/strong><br>(Foto: Silmara Portes\/CMC)<\/figcaption><\/figure>\n\n\n\n<p class=\"wp-block-paragraph\">Na tarde desta ter\u00e7a-feira (14), os membros da Comiss\u00e3o de\nEconomia, Finan\u00e7as e Or\u00e7amento se reuniram para deliberar uma pauta de tr\u00eas\nproposi\u00e7\u00f5es provenientes do Poder Executivo Municipal.&nbsp;A pauta completa\nest\u00e1 dispon\u00edvel em&nbsp;<a href=\"https:\/\/transparencia.camaracolombo.pr.gov.br\/index.php\/edital-das-comissoes\/\" target=\"_blank\" rel=\"noreferrer noopener\"><strong>Edital das Comiss\u00f5es<\/strong><\/a>.<\/p>\n\n\n\n<p class=\"wp-block-paragraph\">O vereador Pastor Helio Feitosa (PL) presidiu a reuni\u00e3o do\ncolegiado. Estiveram presentes os vereadores Jo\u00e3o da Agrolombo (PL), Vagner da\nVia\u00e7\u00e3o (PP) e Elcio do Avi\u00e1rio (MDB).<\/p>\n\n\n\n<p class=\"wp-block-paragraph\">Para o PL do Executivo 36\/2025 que disp\u00f5e sobre o Plano\nPlurianual do per\u00edodo 2026 a 2029, expresso em normas, objetivos e principais\nmetas a serem observadas pelas Unidades da Administra\u00e7\u00e3o Direta, Fundos do\nPoder Executivo, Autarquia Colombo Previd\u00eancia e pelo Poder Legislativo do Munic\u00edpio de\nColombo, e d\u00e1 outras provid\u00eancias foi nomeado como relator o vereador Jo\u00e3o da\nAgrolombo (PL). <\/p>\n\n\n\n<p class=\"wp-block-paragraph\">Para a relatoria do PL do Executivo 37\/2025 que estima a Receita e Fixa a Despesa para o Exerc\u00edcio de 2026 (LOA) foi designado o vereador \u00c9lcio do Avi\u00e1rio (MDB).<\/p>\n\n\n\n<p class=\"wp-block-paragraph\">Por fim, o vereador Vagner da Via\u00e7\u00e3o (PP) ficou com a\nrelatoria do PL do Executivo 43\/2025 que autoriza o Executivo Municipal a abrir\njunto ao or\u00e7amento geral do corrente ano, Cr\u00e9dito Adicional Suplementar no\nvalor de R$ 13.100.00,00. <\/p>\n\n\n\n<p class=\"wp-block-paragraph\"><strong><em>Plano Plurianual, LDO e Cr\u00e9dito Adicional Suplementar foram deliberados na reuni\u00e3o do colegiado de<\/em><\/strong> <strong><em>Economia, Finan\u00e7as e Or\u00e7amento\u00a0na\u00a0tarde desta\u00a0ter\u00e7a-feira\u00a0(14).<\/em><\/strong><\/p>\n","protected":false},"excerpt":{"rendered":"<p>Plano Plurianual, LOA e Cr\u00e9dito Adicional Suplementar foram deliberados na reuni\u00e3o do colegiado de Economia, [&#8230;]<\/p>\n","protected":false},"author":2,"featured_media":50527,"comment_status":"open","ping_status":"closed","sticky":false,"template":"","format":"standard","meta":{"footnotes":""},"categories":[1],"tags":[],"class_list":["post-50524","post","type-post","status-publish","format-standard","has-post-thumbnail","hentry","category-noticias"],"_links":{"self":[{"href":"https:\/\/transparencia.camaracolombo.pr.gov.br\/index.php\/wp-json\/wp\/v2\/posts\/50524","targetHints":{"allow":["GET"]}}],"collection":[{"href":"https:\/\/transparencia.camaracolombo.pr.gov.br\/index.php\/wp-json\/wp\/v2\/posts"}],"about":[{"href":"https:\/\/transparencia.camaracolombo.pr.gov.br\/index.php\/wp-json\/wp\/v2\/types\/post"}],"author":[{"embeddable":true,"href":"https:\/\/transparencia.camaracolombo.pr.gov.br\/index.php\/wp-json\/wp\/v2\/users\/2"}],"replies":[{"embeddable":true,"href":"https:\/\/transparencia.camaracolombo.pr.gov.br\/index.php\/wp-json\/wp\/v2\/comments?post=50524"}],"version-history":[{"count":2,"href":"https:\/\/transparencia.camaracolombo.pr.gov.br\/index.php\/wp-json\/wp\/v2\/posts\/50524\/revisions"}],"predecessor-version":[{"id":50528,"href":"https:\/\/transparencia.camaracolombo.pr.gov.br\/index.php\/wp-json\/wp\/v2\/posts\/50524\/revisions\/50528"}],"wp:featuredmedia":[{"embeddable":true,"href":"https:\/\/transparencia.camaracolombo.pr.gov.br\/index.php\/wp-json\/wp\/v2\/media\/50527"}],"wp:attachment":[{"href":"https:\/\/transparencia.camaracolombo.pr.gov.br\/index.php\/wp-json\/wp\/v2\/media?parent=50524"}],"wp:term":[{"taxonomy":"category","embeddable":true,"href":"https:\/\/transparencia.camaracolombo.pr.gov.br\/index.php\/wp-json\/wp\/v2\/categories?post=50524"},{"taxonomy":"post_tag","embeddable":true,"href":"https:\/\/transparencia.camaracolombo.pr.gov.br\/index.php\/wp-json\/wp\/v2\/tags?post=50524"}],"curies":[{"name":"wp","href":"https:\/\/api.w.org\/{rel}","templated":true}]}}