


{"id":50529,"date":"2025-10-15T20:18:44","date_gmt":"2025-10-15T23:18:44","guid":{"rendered":"https:\/\/transparencia.camaracolombo.pr.gov.br\/?p=50529"},"modified":"2025-10-15T20:18:44","modified_gmt":"2025-10-15T23:18:44","slug":"legislativo-realiza-34a-sessao-ordinaria","status":"publish","type":"post","link":"https:\/\/transparencia.camaracolombo.pr.gov.br\/index.php\/2025\/10\/15\/legislativo-realiza-34a-sessao-ordinaria\/","title":{"rendered":"Legislativo realiza 34\u00aa sess\u00e3o ordin\u00e1ria"},"content":{"rendered":"\n<p class=\"wp-block-paragraph\"><strong><em>Em pauta, 26 proposi\u00e7\u00f5es foram deliberadas. <\/em><\/strong><\/p>\n\n\n\n<figure class=\"wp-block-image\"><img loading=\"lazy\" decoding=\"async\" width=\"1024\" height=\"683\" src=\"https:\/\/transparencia.camaracolombo.pr.gov.br\/wp-content\/uploads\/2025\/10\/DSC3191-1024x683.jpg\" alt=\"\" class=\"wp-image-50534\" srcset=\"https:\/\/transparencia.camaracolombo.pr.gov.br\/wp-content\/uploads\/2025\/10\/DSC3191-1024x683.jpg 1024w, https:\/\/transparencia.camaracolombo.pr.gov.br\/wp-content\/uploads\/2025\/10\/DSC3191-300x200.jpg 300w, https:\/\/transparencia.camaracolombo.pr.gov.br\/wp-content\/uploads\/2025\/10\/DSC3191-768x512.jpg 768w, https:\/\/transparencia.camaracolombo.pr.gov.br\/wp-content\/uploads\/2025\/10\/DSC3191-840x560.jpg 840w, https:\/\/transparencia.camaracolombo.pr.gov.br\/wp-content\/uploads\/2025\/10\/DSC3191-120x80.jpg 120w, https:\/\/transparencia.camaracolombo.pr.gov.br\/wp-content\/uploads\/2025\/10\/DSC3191-360x240.jpg 360w, https:\/\/transparencia.camaracolombo.pr.gov.br\/wp-content\/uploads\/2025\/10\/DSC3191-600x400.jpg 600w\" sizes=\"auto, (max-width: 1024px) 100vw, 1024px\" \/><figcaption><strong>Mesa Diretora durante a 35\u00aa sess\u00e3o ordin\u00e1ria.<\/strong><br>(Foto: Silmara Portes\/CMC)<\/figcaption><\/figure>\n\n\n\n<p class=\"wp-block-paragraph\">Em sess\u00e3o ordin\u00e1ria organizada,\nna tarde desta ter\u00e7a-feira (14), os vereadores da C\u00e2mara Municipal de Colombo\ndeliberaram sobre 26 proposituras. Com a presen\u00e7a de 15 dos 17 parlamentares, a\nsess\u00e3o foi conduzida pelo presidente da Casa, vereador Joel Bueno (PSD).<\/p>\n\n\n\n<p class=\"wp-block-paragraph\">Em primeira vota\u00e7\u00e3o, foi aprovado o PL do Executivo 42\/2025 que autoriza o ingresso do munic\u00edpio de Colombo no Cons\u00f3rcio Intermunicipal de Saneamento do Paran\u00e1 \u2013 CISPAR. <\/p>\n\n\n\n<p class=\"wp-block-paragraph\">Outro projeto aprovado em primeira vota\u00e7\u00e3o foi o PL do Executivo 44\/2025. A mat\u00e9ria altera a reda\u00e7\u00e3o do art. 2\u00ba da Lei n\u00ba 1.835\/2025, que disp\u00f5e sobre o Conselho Municipal da Igualdade Racial e Institui o Fundo Municipal para a promo\u00e7\u00e3o das Pol\u00edticas P\u00fablicas de Igualdade Racial no munic\u00edpio de Colombo. <\/p>\n\n\n\n<p class=\"wp-block-paragraph\">Do vereador Tininho Mello (PSD), foi divulgado o PL do\nLegislativo 1171\/2025 que disp\u00f5e sobre a premia\u00e7\u00e3o &#8220;Aluno Nota Dez&#8221;\naos alunos da educa\u00e7\u00e3o fundamental da rede de ensino do Munic\u00edpio de Colombo e\nd\u00e1 outras provid\u00eancias. <\/p>\n\n\n\n<p class=\"wp-block-paragraph\"><strong>Indica\u00e7\u00f5es <\/strong>\u2013 Ao todo, foram apresentadas 23 indica\u00e7\u00f5es que foram encaminhadas aos \u00f3rg\u00e3os competentes. Assinaram esses documentos os vereadores Bruno Dias (PSB), Evandro Fran\u00e7a (PSD), Ademar Costa (Uni\u00e3o), Pastor Helio Feitosa (PL), Pastor Carlinhos (PP), Z\u00e9 Arcie (PL) e Pastor Abelardo Gomes (PSD). <\/p>\n","protected":false},"excerpt":{"rendered":"<p>Em pauta, 26 proposi\u00e7\u00f5es foram deliberadas. Em sess\u00e3o ordin\u00e1ria organizada, na tarde desta ter\u00e7a-feira (14), [&#8230;]<\/p>\n","protected":false},"author":2,"featured_media":50533,"comment_status":"open","ping_status":"closed","sticky":false,"template":"","format":"standard","meta":{"footnotes":""},"categories":[1],"tags":[],"class_list":["post-50529","post","type-post","status-publish","format-standard","has-post-thumbnail","hentry","category-noticias"],"_links":{"self":[{"href":"https:\/\/transparencia.camaracolombo.pr.gov.br\/index.php\/wp-json\/wp\/v2\/posts\/50529","targetHints":{"allow":["GET"]}}],"collection":[{"href":"https:\/\/transparencia.camaracolombo.pr.gov.br\/index.php\/wp-json\/wp\/v2\/posts"}],"about":[{"href":"https:\/\/transparencia.camaracolombo.pr.gov.br\/index.php\/wp-json\/wp\/v2\/types\/post"}],"author":[{"embeddable":true,"href":"https:\/\/transparencia.camaracolombo.pr.gov.br\/index.php\/wp-json\/wp\/v2\/users\/2"}],"replies":[{"embeddable":true,"href":"https:\/\/transparencia.camaracolombo.pr.gov.br\/index.php\/wp-json\/wp\/v2\/comments?post=50529"}],"version-history":[{"count":4,"href":"https:\/\/transparencia.camaracolombo.pr.gov.br\/index.php\/wp-json\/wp\/v2\/posts\/50529\/revisions"}],"predecessor-version":[{"id":50535,"href":"https:\/\/transparencia.camaracolombo.pr.gov.br\/index.php\/wp-json\/wp\/v2\/posts\/50529\/revisions\/50535"}],"wp:featuredmedia":[{"embeddable":true,"href":"https:\/\/transparencia.camaracolombo.pr.gov.br\/index.php\/wp-json\/wp\/v2\/media\/50533"}],"wp:attachment":[{"href":"https:\/\/transparencia.camaracolombo.pr.gov.br\/index.php\/wp-json\/wp\/v2\/media?parent=50529"}],"wp:term":[{"taxonomy":"category","embeddable":true,"href":"https:\/\/transparencia.camaracolombo.pr.gov.br\/index.php\/wp-json\/wp\/v2\/categories?post=50529"},{"taxonomy":"post_tag","embeddable":true,"href":"https:\/\/transparencia.camaracolombo.pr.gov.br\/index.php\/wp-json\/wp\/v2\/tags?post=50529"}],"curies":[{"name":"wp","href":"https:\/\/api.w.org\/{rel}","templated":true}]}}