


{"id":50834,"date":"2025-12-02T17:51:11","date_gmt":"2025-12-02T19:51:11","guid":{"rendered":"https:\/\/transparencia.camaracolombo.pr.gov.br\/?p=50834"},"modified":"2025-12-04T09:35:12","modified_gmt":"2025-12-04T11:35:12","slug":"primeira-sessao-ordinaria-de-dezembro-tem-37-materias-em-pauta","status":"publish","type":"post","link":"https:\/\/transparencia.camaracolombo.pr.gov.br\/index.php\/2025\/12\/02\/primeira-sessao-ordinaria-de-dezembro-tem-37-materias-em-pauta\/","title":{"rendered":"Primeira sess\u00e3o ordin\u00e1ria de dezembro tem 37 mat\u00e9rias em pauta"},"content":{"rendered":"\n<p class=\"wp-block-paragraph\"><strong><em>T\u00edtulo de cidad\u00e3o honor\u00e1rio, FUMTUR<\/em>, <em>plano plurianual e LDO foram alguns dos assuntos abordados durante o Expediente.<\/em><\/strong><\/p>\n\n\n\n<figure class=\"wp-block-image\"><img loading=\"lazy\" decoding=\"async\" width=\"1024\" height=\"683\" src=\"https:\/\/transparencia.camaracolombo.pr.gov.br\/wp-content\/uploads\/2025\/12\/DSC38121-1024x683.jpg\" alt=\"\" class=\"wp-image-50837\" srcset=\"https:\/\/transparencia.camaracolombo.pr.gov.br\/wp-content\/uploads\/2025\/12\/DSC38121-1024x683.jpg 1024w, https:\/\/transparencia.camaracolombo.pr.gov.br\/wp-content\/uploads\/2025\/12\/DSC38121-300x200.jpg 300w, https:\/\/transparencia.camaracolombo.pr.gov.br\/wp-content\/uploads\/2025\/12\/DSC38121-768x512.jpg 768w, https:\/\/transparencia.camaracolombo.pr.gov.br\/wp-content\/uploads\/2025\/12\/DSC38121-840x560.jpg 840w, https:\/\/transparencia.camaracolombo.pr.gov.br\/wp-content\/uploads\/2025\/12\/DSC38121-120x80.jpg 120w, https:\/\/transparencia.camaracolombo.pr.gov.br\/wp-content\/uploads\/2025\/12\/DSC38121-360x240.jpg 360w, https:\/\/transparencia.camaracolombo.pr.gov.br\/wp-content\/uploads\/2025\/12\/DSC38121-600x400.jpg 600w\" sizes=\"auto, (max-width: 1024px) 100vw, 1024px\" \/><figcaption><strong>Plen\u00e1rio durante a sess\u00e3o ordin\u00e1ria desta ter\u00e7a-feira (2).<br><\/strong>Foto: Silmara Portes\/CMC<\/figcaption><\/figure>\n\n\n\n<p class=\"wp-block-paragraph\">Na tarde desta ter\u00e7a-feira (2), no plen\u00e1rio da C\u00e2mara Municipal de Colombo, os vereadores da atual Legislatura (2025-2028) se reuniram para a realiza\u00e7\u00e3o da primeira sess\u00e3o ordin\u00e1ria de dezembro. A sess\u00e3o foi presidida pelo presidente da CMC, vereador Joel Bueno (PSD). Inicialmente, foram lidos os of\u00edcios recebidos pelo Legislativo. Como de praxe, os vereadores fizeram a vota\u00e7\u00e3o da ata da sess\u00e3o anterior, que foi aprovada por unanimidade.<\/p>\n\n\n\n<p class=\"wp-block-paragraph\">Em vota\u00e7\u00e3o \u00fanica, foi aprovado o Projeto de Decreto Legislativo 126\/2025 que concede o T\u00edtulo de Cidad\u00e3o Honor\u00e1rio do Munic\u00edpio de Colombo ao Senhor Jo\u00e3o Pereira.<\/p>\n\n\n\n<p class=\"wp-block-paragraph\">Tamb\u00e9m em vota\u00e7\u00e3o \u00fanica, foi aprovado o Requerimento 7\/2025 que requer na forma do artigo 1\u00ba, \u00a7 1\u00ba e artigo 104, inciso IV do Regimento Interno da C\u00e2mara Municipal de Colombo, a realiza\u00e7\u00e3o da Sess\u00e3o Solene para entrega de T\u00edtulo de Cidad\u00e3o Honor\u00e1rio, no dia 08 de dezembro de 2025, seja no Audit\u00f3rio da Regional do Alto Maracan\u00e3, Rua Roberto Lambach Falavinha, 150 &#8211; 4\u00b0 andar &#8211; Jardim Nossa Senhora de F\u00e1tima &#8211; Colombo \u2013 PR, \u00e0s 19h30.<\/p>\n\n\n\n<p class=\"wp-block-paragraph\">Foram divulgadas as emendas ao PL do Executivo 46\/2025 que altera a Lei Municipal n\u00ba 1.598, de 15 de dezembro de 2021, que institui o Fundo Municipal de Turismo \u2013 FUMTUR, para adequar sua vincula\u00e7\u00e3o \u00e0 Secretaria Municipal de Turismo e \u00e0 nova estrutura administrativa do Munic\u00edpio de Colombo.<\/p>\n\n\n\n<p class=\"wp-block-paragraph\">Foi divulgada a Emenda Supressiva ao PL do Legislativo 1158\/2025, de autoria do vereador Ademar Costa (Uni\u00e3o), que declara de utilidade p\u00fablica a Associa\u00e7\u00e3o de Moradores Parque dos Lagos.<\/p>\n\n\n\n<p class=\"wp-block-paragraph\">Foi divulgado o PL do Executivo 51\/2025 que altera o Anexo II da Lei Municipal n\u00ba 1.881, de 14 de novembro de 2025, que institui o Plano Plurianual do Munic\u00edpio de Colombo para o per\u00edodo de 2026 a 2029, e d\u00e1 outras provid\u00eancias.<\/p>\n\n\n\n<p class=\"wp-block-paragraph\">Foi divulgado o PL do Executivo 52\/2025 que disp\u00f5e sobre altera\u00e7\u00f5es no Anexo I da Lei n\u00ba 1.857\/2025, Lei de Diretrizes Or\u00e7ament\u00e1rias do Munic\u00edpio de Colombo para o exerc\u00edcio de 2026, alterada pela Lei n\u00ba 1.875\/2025.<\/p>\n\n\n\n<p class=\"wp-block-paragraph\">Foi\ndivulgado o PL do Executivo 53\/2025 que disp\u00f5e sobre altera\u00e7\u00f5es nos Anexos da\nLei n\u00ba 1.882\/2025, que estima a Receita e fixa a Despesa para o Exerc\u00edcio de\n2026.<\/p>\n\n\n\n<p class=\"wp-block-paragraph\">Foi\ndivulgado o PL do Executivo 54\/2025 que autoriza a doa\u00e7\u00e3o de im\u00f3vel pertencente\nao Munic\u00edpio de Colombo ao Estado do Paran\u00e1, com a finalidade de viabilizar a\namplia\u00e7\u00e3o e melhoria da estrutura f\u00edsica do Col\u00e9gio Estadual Rui Barbosa,\nsituado no Bairro Canguiri.<\/p>\n\n\n\n<p class=\"wp-block-paragraph\">Por fim, foi divulgado o PL do Executivo 55\/2025 que autoriza o Executivo Municipal a abrir junto ao or\u00e7amento geral do corrente ano, Cr\u00e9dito Adicional Suplementar no valor de R$ 10.741.360,00.<\/p>\n\n\n\n<p class=\"wp-block-paragraph\"><strong>Indica\u00e7\u00f5es<\/strong> \u2013 Foram apresentadas 27 indica\u00e7\u00f5es que visam melhorar a qualidade de vida da popula\u00e7\u00e3o colombense. Assinaram esses documentos os vereadores Joel Bueno (PSD), Vagner da Via\u00e7\u00e3o (PP), Z\u00e9 Arcie (PL), Tininho Mello (PSD), Evandro Fran\u00e7a (PSD), Jo\u00e3o Agrolombo (PL), Bruno Dias (PSB), Ratinho Gotardo (PSD), Pastor Abelardo Gomes (PSD), Ademar Costa (Uni\u00e3o), Pastor H\u00e9lio Feitosa (PL), Pastor Carlinhos (PP), Maicon Martins (PP) e Renato da Farm\u00e1cia (Novo). <\/p>\n\n\n\n<p class=\"wp-block-paragraph\"><strong>Pequeno Expediente<\/strong> &#8211; O vereador Maicon Martins utilizou esse espa\u00e7o para falar sobre a seguran\u00e7a no tr\u00e2nsito e responsabiliza\u00e7\u00e3o.  <\/p>\n","protected":false},"excerpt":{"rendered":"<p>T\u00edtulo de cidad\u00e3o honor\u00e1rio, FUMTUR, plano plurianual e LDO foram alguns dos assuntos abordados durante [&#8230;]<\/p>\n","protected":false},"author":2,"featured_media":50836,"comment_status":"open","ping_status":"closed","sticky":false,"template":"","format":"standard","meta":{"footnotes":""},"categories":[1],"tags":[],"class_list":["post-50834","post","type-post","status-publish","format-standard","has-post-thumbnail","hentry","category-noticias"],"_links":{"self":[{"href":"https:\/\/transparencia.camaracolombo.pr.gov.br\/index.php\/wp-json\/wp\/v2\/posts\/50834","targetHints":{"allow":["GET"]}}],"collection":[{"href":"https:\/\/transparencia.camaracolombo.pr.gov.br\/index.php\/wp-json\/wp\/v2\/posts"}],"about":[{"href":"https:\/\/transparencia.camaracolombo.pr.gov.br\/index.php\/wp-json\/wp\/v2\/types\/post"}],"author":[{"embeddable":true,"href":"https:\/\/transparencia.camaracolombo.pr.gov.br\/index.php\/wp-json\/wp\/v2\/users\/2"}],"replies":[{"embeddable":true,"href":"https:\/\/transparencia.camaracolombo.pr.gov.br\/index.php\/wp-json\/wp\/v2\/comments?post=50834"}],"version-history":[{"count":4,"href":"https:\/\/transparencia.camaracolombo.pr.gov.br\/index.php\/wp-json\/wp\/v2\/posts\/50834\/revisions"}],"predecessor-version":[{"id":50858,"href":"https:\/\/transparencia.camaracolombo.pr.gov.br\/index.php\/wp-json\/wp\/v2\/posts\/50834\/revisions\/50858"}],"wp:featuredmedia":[{"embeddable":true,"href":"https:\/\/transparencia.camaracolombo.pr.gov.br\/index.php\/wp-json\/wp\/v2\/media\/50836"}],"wp:attachment":[{"href":"https:\/\/transparencia.camaracolombo.pr.gov.br\/index.php\/wp-json\/wp\/v2\/media?parent=50834"}],"wp:term":[{"taxonomy":"category","embeddable":true,"href":"https:\/\/transparencia.camaracolombo.pr.gov.br\/index.php\/wp-json\/wp\/v2\/categories?post=50834"},{"taxonomy":"post_tag","embeddable":true,"href":"https:\/\/transparencia.camaracolombo.pr.gov.br\/index.php\/wp-json\/wp\/v2\/tags?post=50834"}],"curies":[{"name":"wp","href":"https:\/\/api.w.org\/{rel}","templated":true}]}}