


{"id":50839,"date":"2025-12-03T17:21:00","date_gmt":"2025-12-03T19:21:00","guid":{"rendered":"https:\/\/transparencia.camaracolombo.pr.gov.br\/?p=50839"},"modified":"2025-12-03T17:22:11","modified_gmt":"2025-12-03T19:22:11","slug":"comissao-de-economia-financas-e-orcamento-delibera-quatro-projetos-do-poder-executivo","status":"publish","type":"post","link":"https:\/\/transparencia.camaracolombo.pr.gov.br\/index.php\/2025\/12\/03\/comissao-de-economia-financas-e-orcamento-delibera-quatro-projetos-do-poder-executivo\/","title":{"rendered":"Comiss\u00e3o de Economia, Finan\u00e7as e Or\u00e7amento delibera quatro projetos do Poder Executivo"},"content":{"rendered":"\n<p class=\"wp-block-paragraph\"><strong>Plano Plurianual (PPA), Lei Or\u00e7ament\u00e1ria Anual&nbsp;(LOA) e Lei de Diretrizes Or\u00e7ament\u00e1rias (LDO) foram alguns dos projetos que receberam relatores.<\/strong><\/p>\n\n\n\n<figure class=\"wp-block-image\"><img loading=\"lazy\" decoding=\"async\" width=\"1024\" height=\"768\" src=\"https:\/\/transparencia.camaracolombo.pr.gov.br\/wp-content\/uploads\/2025\/12\/IMG_1215-1-1024x768.jpg\" alt=\"\" class=\"wp-image-50851\" srcset=\"https:\/\/transparencia.camaracolombo.pr.gov.br\/wp-content\/uploads\/2025\/12\/IMG_1215-1-1024x768.jpg 1024w, https:\/\/transparencia.camaracolombo.pr.gov.br\/wp-content\/uploads\/2025\/12\/IMG_1215-1-300x225.jpg 300w, https:\/\/transparencia.camaracolombo.pr.gov.br\/wp-content\/uploads\/2025\/12\/IMG_1215-1-768x576.jpg 768w\" sizes=\"auto, (max-width: 1024px) 100vw, 1024px\" \/><figcaption><strong>Importantes pautas foram discutidas na reuni\u00e3o do colegiado.<br><\/strong>(Foto: Silmara Portes\/CMC)<\/figcaption><\/figure>\n\n\n\n<p class=\"wp-block-paragraph\">Na tarde desta quarta-feira (3), os membros da Comiss\u00e3o de Economia, Finan\u00e7as e Or\u00e7amento se reuniram para deliberar uma pauta de quatro proposi\u00e7\u00f5es provenientes do Poder Executivo Municipal. Essas mat\u00e9rias tramitam em regime de urg\u00eancia na Casa Legislativa. A pauta completa est\u00e1 dispon\u00edvel em Edital das Comiss\u00f5es.<\/p>\n\n\n\n<p class=\"wp-block-paragraph\">O vereador Pastor Helio Feitosa (PL) presidiu a reuni\u00e3o do colegiado. Estiveram presentes os vereadores Jo\u00e3o da Agrolombo (PL), Vagner da Via\u00e7\u00e3o (PP), Ademar Costa (Uni\u00e3o), Elcio do Avi\u00e1rio (MDB) e Ney Marcelino (Podemos).<\/p>\n\n\n\n<p class=\"wp-block-paragraph\">Para o PL do Executivo 51\/2025 que altera o Anexo II da Lei Municipal n\u00ba 1.881, de 14 de novembro de 2025, que institui o Plano Plurianual do Munic\u00edpio de Colombo para o per\u00edodo de 2026 a 2029, e d\u00e1 outras provid\u00eancias foi designado como relator o vereador Vagner da Via\u00e7\u00e3o (PP).<\/p>\n\n\n\n<p class=\"wp-block-paragraph\">O vereador Vagner da Via\u00e7\u00e3o (PP) ficou com a relatoria do PL do Executivo 52\/2025 que disp\u00f5e sobre altera\u00e7\u00f5es no Anexo I da Lei n\u00ba 1.857\/2025, Lei de Diretrizes Or\u00e7ament\u00e1rias do Munic\u00edpio de Colombo para o exerc\u00edcio de 2026, alterada pela Lei n\u00ba 1.875\/2025.<\/p>\n\n\n\n<p class=\"wp-block-paragraph\">Para o PL do Executivo 53\/2025 que disp\u00f5e sobre altera\u00e7\u00f5es nos Anexos da Lei n\u00ba 1.882\/2025, que estima a Receita e fixa a Despesa para o Exerc\u00edcio de 2026 foi nomeado como relator o vereador Vagner da Via\u00e7\u00e3o (PP).<\/p>\n\n\n\n<p class=\"wp-block-paragraph\">Por fim, o vereador Elcio do Avi\u00e1rio (MDB) ficou com a relatoria do PL do Executivo 55\/2025 que autoriza o Executivo Municipal a abrir junto ao or\u00e7amento geral do corrente ano, Cr\u00e9dito Adicional Suplementar no valor de R$ 10.741.360,00. <\/p>\n","protected":false},"excerpt":{"rendered":"<p>Plano Plurianual (PPA), Lei Or\u00e7ament\u00e1ria Anual&nbsp;(LOA) e Lei de Diretrizes Or\u00e7ament\u00e1rias (LDO) foram alguns dos [&#8230;]<\/p>\n","protected":false},"author":2,"featured_media":50856,"comment_status":"open","ping_status":"closed","sticky":false,"template":"","format":"standard","meta":{"footnotes":""},"categories":[1],"tags":[],"class_list":["post-50839","post","type-post","status-publish","format-standard","has-post-thumbnail","hentry","category-noticias"],"_links":{"self":[{"href":"https:\/\/transparencia.camaracolombo.pr.gov.br\/index.php\/wp-json\/wp\/v2\/posts\/50839","targetHints":{"allow":["GET"]}}],"collection":[{"href":"https:\/\/transparencia.camaracolombo.pr.gov.br\/index.php\/wp-json\/wp\/v2\/posts"}],"about":[{"href":"https:\/\/transparencia.camaracolombo.pr.gov.br\/index.php\/wp-json\/wp\/v2\/types\/post"}],"author":[{"embeddable":true,"href":"https:\/\/transparencia.camaracolombo.pr.gov.br\/index.php\/wp-json\/wp\/v2\/users\/2"}],"replies":[{"embeddable":true,"href":"https:\/\/transparencia.camaracolombo.pr.gov.br\/index.php\/wp-json\/wp\/v2\/comments?post=50839"}],"version-history":[{"count":5,"href":"https:\/\/transparencia.camaracolombo.pr.gov.br\/index.php\/wp-json\/wp\/v2\/posts\/50839\/revisions"}],"predecessor-version":[{"id":50855,"href":"https:\/\/transparencia.camaracolombo.pr.gov.br\/index.php\/wp-json\/wp\/v2\/posts\/50839\/revisions\/50855"}],"wp:featuredmedia":[{"embeddable":true,"href":"https:\/\/transparencia.camaracolombo.pr.gov.br\/index.php\/wp-json\/wp\/v2\/media\/50856"}],"wp:attachment":[{"href":"https:\/\/transparencia.camaracolombo.pr.gov.br\/index.php\/wp-json\/wp\/v2\/media?parent=50839"}],"wp:term":[{"taxonomy":"category","embeddable":true,"href":"https:\/\/transparencia.camaracolombo.pr.gov.br\/index.php\/wp-json\/wp\/v2\/categories?post=50839"},{"taxonomy":"post_tag","embeddable":true,"href":"https:\/\/transparencia.camaracolombo.pr.gov.br\/index.php\/wp-json\/wp\/v2\/tags?post=50839"}],"curies":[{"name":"wp","href":"https:\/\/api.w.org\/{rel}","templated":true}]}}