


{"id":50868,"date":"2025-12-08T11:25:34","date_gmt":"2025-12-08T13:25:34","guid":{"rendered":"https:\/\/transparencia.camaracolombo.pr.gov.br\/?p=50868"},"modified":"2025-12-08T11:25:34","modified_gmt":"2025-12-08T13:25:34","slug":"ccj-delibera-projetos-do-poder-executivo-e-legislativo","status":"publish","type":"post","link":"https:\/\/transparencia.camaracolombo.pr.gov.br\/index.php\/2025\/12\/08\/ccj-delibera-projetos-do-poder-executivo-e-legislativo\/","title":{"rendered":"CCJ delibera projetos do Poder Executivo e Legislativo"},"content":{"rendered":"\n<p class=\"wp-block-paragraph\"><strong><em>Cinco projetos compuseram a pauta.<\/em><\/strong><\/p>\n\n\n\n<figure class=\"wp-block-image\"><img loading=\"lazy\" decoding=\"async\" width=\"1024\" height=\"683\" src=\"https:\/\/transparencia.camaracolombo.pr.gov.br\/wp-content\/uploads\/2025\/12\/DSC38601-1024x683.jpg\" alt=\"\" class=\"wp-image-50870\" srcset=\"https:\/\/transparencia.camaracolombo.pr.gov.br\/wp-content\/uploads\/2025\/12\/DSC38601-1024x683.jpg 1024w, https:\/\/transparencia.camaracolombo.pr.gov.br\/wp-content\/uploads\/2025\/12\/DSC38601-300x200.jpg 300w, https:\/\/transparencia.camaracolombo.pr.gov.br\/wp-content\/uploads\/2025\/12\/DSC38601-768x512.jpg 768w, https:\/\/transparencia.camaracolombo.pr.gov.br\/wp-content\/uploads\/2025\/12\/DSC38601-840x560.jpg 840w, https:\/\/transparencia.camaracolombo.pr.gov.br\/wp-content\/uploads\/2025\/12\/DSC38601-120x80.jpg 120w, https:\/\/transparencia.camaracolombo.pr.gov.br\/wp-content\/uploads\/2025\/12\/DSC38601-360x240.jpg 360w, https:\/\/transparencia.camaracolombo.pr.gov.br\/wp-content\/uploads\/2025\/12\/DSC38601-600x400.jpg 600w\" sizes=\"auto, (max-width: 1024px) 100vw, 1024px\" \/><figcaption><strong>Encontro aconteceu no Plen\u00e1rio da CMC. <\/strong><br>(Foto: Silmara Portes\/CMC)<\/figcaption><\/figure>\n\n\n\n<p class=\"wp-block-paragraph\">Na reuni\u00e3o do colegiado realizada na manh\u00e3 desta segunda-feira (8), os vereadores da Comiss\u00e3o de Constitui\u00e7\u00e3o e Justi\u00e7a (CCJ) da C\u00e2mara Municipal de Colombo deliberaram cinco projetos que est\u00e3o em tramita\u00e7\u00e3o na Casa Legislativa.<\/p>\n\n\n\n<p class=\"wp-block-paragraph\">Foi aprovado o PL do Legislativo 1168\/2025 que denomina de &#8221; Eurico Braz de Bomfim&#8221;, a unidade de sa\u00fade b\u00e1sica Guaraituba. A mat\u00e9ria \u00e9 de autoria dos vereadores Maicon Martins (PP), Kiko (Uni\u00e3o), Joel Bueno (PSD) e Jo\u00e3o Agrolombo (PL). <\/p>\n\n\n\n<p class=\"wp-block-paragraph\">Foi recebido o PL do Executivo 54\/2025 que autoriza a doa\u00e7\u00e3o de im\u00f3vel pertencente ao Munic\u00edpio de Colombo ao Estado do Paran\u00e1, com a finalidade de viabilizar a amplia\u00e7\u00e3o e melhoria da estrutura f\u00edsica do Col\u00e9gio Estadual Rui Barbosa, situado no Bairro Canguiri. <\/p>\n\n\n\n<p class=\"wp-block-paragraph\">O vereador Ademar Costa (Uni\u00e3o) ficou com a relatoria do PL de Lei do Executivo 58\/2025 que altera a Lei Municipal n\u00ba 1363, de 23 de dezembro de 2014, extingue Secretaria Municipal, e d\u00e1 outras provid\u00eancias. <\/p>\n\n\n\n<p class=\"wp-block-paragraph\">Foi recebido o PL do Legislativo 1177\/2025 que cria e denomina como pra\u00e7a p\u00fablica a &#8220;Pra\u00e7a do Agricultor&#8221; localizada no bairro Jardim F\u00e1tima. A proposi\u00e7\u00e3o \u00e9 de iniciativa do vereador Pastor Helio Feitosa (PL). Essa propositura foi encaminhada para o Departamento Jur\u00eddico para emiss\u00e3o de parecer.<\/p>\n\n\n\n<p class=\"wp-block-paragraph\">Tamb\u00e9m foi recebido o PL do Legislativo 1178\/2025, do vereador Bruno Dias (PSB), que institui o Dia Municipal em Homenagem aos Catadores de Materiais Recicl\u00e1veis no munic\u00edpio de Colombo. Essa proposi\u00e7\u00e3o foi encaminhada para o Departamento Jur\u00eddico para emiss\u00e3o de parecer. <\/p>\n\n\n\n<p class=\"wp-block-paragraph\"> <\/p>\n","protected":false},"excerpt":{"rendered":"<p>Cinco projetos compuseram a pauta. Na reuni\u00e3o do colegiado realizada na manh\u00e3 desta segunda-feira (8), [&#8230;]<\/p>\n","protected":false},"author":2,"featured_media":50869,"comment_status":"open","ping_status":"closed","sticky":false,"template":"","format":"standard","meta":{"footnotes":""},"categories":[1],"tags":[],"class_list":["post-50868","post","type-post","status-publish","format-standard","has-post-thumbnail","hentry","category-noticias"],"_links":{"self":[{"href":"https:\/\/transparencia.camaracolombo.pr.gov.br\/index.php\/wp-json\/wp\/v2\/posts\/50868","targetHints":{"allow":["GET"]}}],"collection":[{"href":"https:\/\/transparencia.camaracolombo.pr.gov.br\/index.php\/wp-json\/wp\/v2\/posts"}],"about":[{"href":"https:\/\/transparencia.camaracolombo.pr.gov.br\/index.php\/wp-json\/wp\/v2\/types\/post"}],"author":[{"embeddable":true,"href":"https:\/\/transparencia.camaracolombo.pr.gov.br\/index.php\/wp-json\/wp\/v2\/users\/2"}],"replies":[{"embeddable":true,"href":"https:\/\/transparencia.camaracolombo.pr.gov.br\/index.php\/wp-json\/wp\/v2\/comments?post=50868"}],"version-history":[{"count":1,"href":"https:\/\/transparencia.camaracolombo.pr.gov.br\/index.php\/wp-json\/wp\/v2\/posts\/50868\/revisions"}],"predecessor-version":[{"id":50871,"href":"https:\/\/transparencia.camaracolombo.pr.gov.br\/index.php\/wp-json\/wp\/v2\/posts\/50868\/revisions\/50871"}],"wp:featuredmedia":[{"embeddable":true,"href":"https:\/\/transparencia.camaracolombo.pr.gov.br\/index.php\/wp-json\/wp\/v2\/media\/50869"}],"wp:attachment":[{"href":"https:\/\/transparencia.camaracolombo.pr.gov.br\/index.php\/wp-json\/wp\/v2\/media?parent=50868"}],"wp:term":[{"taxonomy":"category","embeddable":true,"href":"https:\/\/transparencia.camaracolombo.pr.gov.br\/index.php\/wp-json\/wp\/v2\/categories?post=50868"},{"taxonomy":"post_tag","embeddable":true,"href":"https:\/\/transparencia.camaracolombo.pr.gov.br\/index.php\/wp-json\/wp\/v2\/tags?post=50868"}],"curies":[{"name":"wp","href":"https:\/\/api.w.org\/{rel}","templated":true}]}}