


{"id":50878,"date":"2025-12-08T14:39:55","date_gmt":"2025-12-08T16:39:55","guid":{"rendered":"https:\/\/transparencia.camaracolombo.pr.gov.br\/?p=50878"},"modified":"2025-12-08T14:39:55","modified_gmt":"2025-12-08T16:39:55","slug":"legislativo-se-reune-em-sessao-extraordinaria-nesta-sexta-feira-5","status":"publish","type":"post","link":"https:\/\/transparencia.camaracolombo.pr.gov.br\/index.php\/2025\/12\/08\/legislativo-se-reune-em-sessao-extraordinaria-nesta-sexta-feira-5\/","title":{"rendered":"Legislativo se re\u00fane em sess\u00e3o extraordin\u00e1ria nesta sexta-feira (5)"},"content":{"rendered":"\n<p class=\"wp-block-paragraph\"><strong><em>Em pauta, duas proposituras do Poder Executivo e duas proposi\u00e7\u00f5es do Poder Legislativo.<\/em><\/strong><\/p>\n\n\n\n<figure class=\"wp-block-image\"><img loading=\"lazy\" decoding=\"async\" width=\"1024\" height=\"576\" src=\"https:\/\/transparencia.camaracolombo.pr.gov.br\/wp-content\/uploads\/2025\/12\/347fd441-7aff-4d66-8596-3e9a18c78044-1024x576.jpg\" alt=\"\" class=\"wp-image-50879\" srcset=\"https:\/\/transparencia.camaracolombo.pr.gov.br\/wp-content\/uploads\/2025\/12\/347fd441-7aff-4d66-8596-3e9a18c78044-1024x576.jpg 1024w, https:\/\/transparencia.camaracolombo.pr.gov.br\/wp-content\/uploads\/2025\/12\/347fd441-7aff-4d66-8596-3e9a18c78044-300x169.jpg 300w, https:\/\/transparencia.camaracolombo.pr.gov.br\/wp-content\/uploads\/2025\/12\/347fd441-7aff-4d66-8596-3e9a18c78044-768x432.jpg 768w, https:\/\/transparencia.camaracolombo.pr.gov.br\/wp-content\/uploads\/2025\/12\/347fd441-7aff-4d66-8596-3e9a18c78044.jpg 1600w\" sizes=\"auto, (max-width: 1024px) 100vw, 1024px\" \/><\/figure>\n\n\n\n<p class=\"wp-block-paragraph\">Os vereadores colombenses se reuniram na \u00faltima sexta-feira\n(5), no Plen\u00e1rio Presidente Tancredo de Almeida Neves, para realizar mais uma\nsess\u00e3o extraordin\u00e1ria, colocando em pauta quatro proposituras que tramitam na\nCasa de Leis. A reuni\u00e3o plen\u00e1ria foi conduzida pelo presidente do Poder\nLegislativo, vereador Joel Bueno (PSD). <\/p>\n\n\n\n<p class=\"wp-block-paragraph\">Foram divulgadas as Emendas Aditiva, Modificativa e\nSupressiva ao Projeto de Lei do Executivo n\u00ba 38\/2025 que disp\u00f5e sobre a\norganiza\u00e7\u00e3o do Sistema Municipal de Defesa do Consumidor \u2013 SMDC, Institui a\nSuperintend\u00eancia Municipal de Prote\u00e7\u00e3o e Defesa do Consumidor \u2013 PROCON, o\nConselho Municipal de prote\u00e7\u00e3o e Defesa do Consumidor \u2013 CONDECON e o Fundo\nMunicipal de Prote\u00e7\u00e3o e Defesa do Consumidor \u2013 FMDC, e d\u00e1 outras provid\u00eancias.<\/p>\n\n\n\n<p class=\"wp-block-paragraph\">Foi divulgado o PL do Executivo 58\/2025 que altera a Lei\nMunicipal n\u00ba 1363, de 23 de dezembro de 2014, extingue Secretaria Municipal, e\nd\u00e1 outras provid\u00eancias.<\/p>\n\n\n\n<p class=\"wp-block-paragraph\">Tamb\u00e9m foi divulgado o PL do Legislativo 1177\/2025, elaborado\npelo Pastor Helio Feitosa (PL), que cria e denomina como pra\u00e7a p\u00fablica a\n&#8220;Pra\u00e7a do Agricultor&#8221;, localizada no bairro Jardim F\u00e1tima.<\/p>\n\n\n\n<p class=\"wp-block-paragraph\">Por fim, foi divulgado o PL do Legislativo 1178\/2025, que institui\no Dia Municipal em Homenagem aos Catadores de Materiais Recicl\u00e1veis no\nMunic\u00edpio de Colombo. A mat\u00e9ria \u00e9 de iniciativa do vereador Bruno Dias (PSB). <\/p>\n","protected":false},"excerpt":{"rendered":"<p>Em pauta, duas proposituras do Poder Executivo e duas proposi\u00e7\u00f5es do Poder Legislativo. Os vereadores [&#8230;]<\/p>\n","protected":false},"author":2,"featured_media":50880,"comment_status":"open","ping_status":"closed","sticky":false,"template":"","format":"standard","meta":{"footnotes":""},"categories":[1],"tags":[],"class_list":["post-50878","post","type-post","status-publish","format-standard","has-post-thumbnail","hentry","category-noticias"],"_links":{"self":[{"href":"https:\/\/transparencia.camaracolombo.pr.gov.br\/index.php\/wp-json\/wp\/v2\/posts\/50878","targetHints":{"allow":["GET"]}}],"collection":[{"href":"https:\/\/transparencia.camaracolombo.pr.gov.br\/index.php\/wp-json\/wp\/v2\/posts"}],"about":[{"href":"https:\/\/transparencia.camaracolombo.pr.gov.br\/index.php\/wp-json\/wp\/v2\/types\/post"}],"author":[{"embeddable":true,"href":"https:\/\/transparencia.camaracolombo.pr.gov.br\/index.php\/wp-json\/wp\/v2\/users\/2"}],"replies":[{"embeddable":true,"href":"https:\/\/transparencia.camaracolombo.pr.gov.br\/index.php\/wp-json\/wp\/v2\/comments?post=50878"}],"version-history":[{"count":1,"href":"https:\/\/transparencia.camaracolombo.pr.gov.br\/index.php\/wp-json\/wp\/v2\/posts\/50878\/revisions"}],"predecessor-version":[{"id":50881,"href":"https:\/\/transparencia.camaracolombo.pr.gov.br\/index.php\/wp-json\/wp\/v2\/posts\/50878\/revisions\/50881"}],"wp:featuredmedia":[{"embeddable":true,"href":"https:\/\/transparencia.camaracolombo.pr.gov.br\/index.php\/wp-json\/wp\/v2\/media\/50880"}],"wp:attachment":[{"href":"https:\/\/transparencia.camaracolombo.pr.gov.br\/index.php\/wp-json\/wp\/v2\/media?parent=50878"}],"wp:term":[{"taxonomy":"category","embeddable":true,"href":"https:\/\/transparencia.camaracolombo.pr.gov.br\/index.php\/wp-json\/wp\/v2\/categories?post=50878"},{"taxonomy":"post_tag","embeddable":true,"href":"https:\/\/transparencia.camaracolombo.pr.gov.br\/index.php\/wp-json\/wp\/v2\/tags?post=50878"}],"curies":[{"name":"wp","href":"https:\/\/api.w.org\/{rel}","templated":true}]}}