


{"id":52384,"date":"2026-03-24T09:26:04","date_gmt":"2026-03-24T12:26:04","guid":{"rendered":"https:\/\/transparencia.camaracolombo.pr.gov.br\/?p=52384"},"modified":"2026-03-24T09:26:04","modified_gmt":"2026-03-24T12:26:04","slug":"ccj-analisa-41-indicacoes-e-emite-pareceres-sobre-projetos","status":"publish","type":"post","link":"https:\/\/transparencia.camaracolombo.pr.gov.br\/index.php\/2026\/03\/24\/ccj-analisa-41-indicacoes-e-emite-pareceres-sobre-projetos\/","title":{"rendered":"CCJ analisa 41 indica\u00e7\u00f5es e emite pareceres sobre projetos"},"content":{"rendered":"\n<p class=\"wp-block-paragraph\"><em>Reuni\u00e3o tamb\u00e9m aprovou dilig\u00eancias, definiu relatorias e encaminhou propostas do Executivo para an\u00e1lise jur\u00eddica.<\/em><\/p>\n\n\n\n<figure class=\"wp-block-image\"><img loading=\"lazy\" decoding=\"async\" width=\"1024\" height=\"683\" src=\"https:\/\/transparencia.camaracolombo.pr.gov.br\/wp-content\/uploads\/2026\/03\/DSC5056-1024x683.jpg\" alt=\"\" class=\"wp-image-52387\" srcset=\"https:\/\/transparencia.camaracolombo.pr.gov.br\/wp-content\/uploads\/2026\/03\/DSC5056-1024x683.jpg 1024w, https:\/\/transparencia.camaracolombo.pr.gov.br\/wp-content\/uploads\/2026\/03\/DSC5056-300x200.jpg 300w, https:\/\/transparencia.camaracolombo.pr.gov.br\/wp-content\/uploads\/2026\/03\/DSC5056-768x512.jpg 768w, https:\/\/transparencia.camaracolombo.pr.gov.br\/wp-content\/uploads\/2026\/03\/DSC5056-840x560.jpg 840w, https:\/\/transparencia.camaracolombo.pr.gov.br\/wp-content\/uploads\/2026\/03\/DSC5056-120x80.jpg 120w, https:\/\/transparencia.camaracolombo.pr.gov.br\/wp-content\/uploads\/2026\/03\/DSC5056-360x240.jpg 360w, https:\/\/transparencia.camaracolombo.pr.gov.br\/wp-content\/uploads\/2026\/03\/DSC5056-600x400.jpg 600w\" sizes=\"auto, (max-width: 1024px) 100vw, 1024px\" \/><figcaption><br><\/figcaption><\/figure>\n\n\n\n<p class=\"wp-block-paragraph\">&nbsp;A Comiss\u00e3o de Constitui\u00e7\u00e3o e Justi\u00e7a (CCJ) da C\u00e2mara Municipal de Colombo realizou reuni\u00e3o nesta segunda-feira (23), no Plen\u00e1rio Tancredo de Almeida Neves, com a presen\u00e7a dos membros e vereadores convidados. O encontro teve como pauta a an\u00e1lise de indica\u00e7\u00f5es, delibera\u00e7\u00e3o de projetos e encaminhamentos t\u00e9cnicos de mat\u00e9rias em tramita\u00e7\u00e3o no Legislativo.<\/p>\n\n\n\n<p class=\"wp-block-paragraph\">A comiss\u00e3o avaliou <strong>41 protocolos de indica\u00e7\u00f5es<\/strong>, previamente distribu\u00eddos aos relatores. A maior parte das mat\u00e9rias recebeu parecer favor\u00e1vel, permitindo o prosseguimento da tramita\u00e7\u00e3o.<\/p>\n\n\n\n<p class=\"wp-block-paragraph\">Tamb\u00e9m foram emitidos pareceres contr\u00e1rios a alguns protocolos espec\u00edficos, al\u00e9m de encaminhamentos em dilig\u00eancia. Entre eles, um dos processos foi direcionado para an\u00e1lise do Departamento Jur\u00eddico, enquanto outro permaneceu em verifica\u00e7\u00e3o t\u00e9cnica.<\/p>\n\n\n\n<p class=\"wp-block-paragraph\">&nbsp;A CCJ tamb\u00e9m analisou solicita\u00e7\u00f5es de dilig\u00eancias relacionadas a indica\u00e7\u00f5es em tramita\u00e7\u00e3o. Os pedidos foram debatidos entre os membros da comiss\u00e3o e aprovados por unanimidade, garantindo a continuidade da an\u00e1lise t\u00e9cnica das mat\u00e9rias.<\/p>\n\n\n\n<h4 class=\"wp-block-heading\"><strong>Projetos de Lei<\/strong><\/h4>\n\n\n\n<p class=\"wp-block-paragraph\">Entre as propostas em pauta, a comiss\u00e3o aprovou parecer favor\u00e1vel ao <strong>Projeto de Lei do Legislativo n\u00ba 1187\/2026<\/strong>, que institui a Semana de Orienta\u00e7\u00e3o e Combate \u00e0 Diabetes no munic\u00edpio. A mat\u00e9ria segue agora para as pr\u00f3ximas etapas de tramita\u00e7\u00e3o.<\/p>\n\n\n\n<p class=\"wp-block-paragraph\">Tamb\u00e9m recebeu parecer favor\u00e1vel o <strong>Projeto de Decreto Legislativo n\u00ba 2\/2026<\/strong>, que concede o T\u00edtulo de Cidad\u00e3 Honor\u00e1ria \u00e0 senhora Vera L\u00facia Pitta, em reconhecimento aos servi\u00e7os prestados \u00e0 comunidade colombense.<\/p>\n\n\n\n<h4 class=\"wp-block-heading\"><strong>Defini\u00e7\u00e3o de Relatorias<\/strong>&nbsp;<\/h4>\n\n\n\n<p class=\"wp-block-paragraph\">Durante a reuni\u00e3o, foram definidas novas relatorias para projetos em tramita\u00e7\u00e3o. O <strong>Projeto de Lei do Legislativo n\u00ba 1165\/2025<\/strong>, que denomina logradouro p\u00fablico no bairro Bacaetava, teve como relator designado o vereador Anderson Prego.&nbsp;<\/p>\n\n\n\n<p class=\"wp-block-paragraph\">J\u00e1 o <strong>Projeto de Lei do Legislativo n\u00ba 1184\/2026<\/strong>, que trata da possibilidade de concess\u00e3o de liga\u00e7\u00f5es individualizadas de \u00e1gua e energia el\u00e9trica em im\u00f3veis localizados na \u00e1rea rural do munic\u00edpio, passou a ter como relator o vereador Ney Marcelino.<\/p>\n\n\n\n<h4 class=\"wp-block-heading\"><strong>Encaminhamentos<\/strong>&nbsp;<\/h4>\n\n\n\n<p class=\"wp-block-paragraph\">A comiss\u00e3o tamb\u00e9m recebeu mat\u00e9rias do Poder Executivo, que foram encaminhadas ao Departamento Jur\u00eddico para emiss\u00e3o de parecer. Entre elas, o <strong>Projeto de Lei do Executivo n\u00ba 6\/2026<\/strong>, que institui o Plano Municipal de Seguran\u00e7a P\u00fablica de Colombo para o per\u00edodo de 2026 a 2028, e o <strong>Projeto de Lei do Executivo n\u00ba 9\/2026<\/strong>, que altera dispositivos relacionados ao Fundo Municipal de Habita\u00e7\u00e3o de Interesse Social (FMHIS).<br><\/p>\n","protected":false},"excerpt":{"rendered":"<p>Reuni\u00e3o tamb\u00e9m aprovou dilig\u00eancias, definiu relatorias e encaminhou propostas do Executivo para an\u00e1lise jur\u00eddica. &nbsp;A [&#8230;]<\/p>\n","protected":false},"author":4,"featured_media":52386,"comment_status":"closed","ping_status":"closed","sticky":false,"template":"","format":"standard","meta":{"footnotes":""},"categories":[1],"tags":[],"class_list":["post-52384","post","type-post","status-publish","format-standard","has-post-thumbnail","hentry","category-noticias"],"_links":{"self":[{"href":"https:\/\/transparencia.camaracolombo.pr.gov.br\/index.php\/wp-json\/wp\/v2\/posts\/52384","targetHints":{"allow":["GET"]}}],"collection":[{"href":"https:\/\/transparencia.camaracolombo.pr.gov.br\/index.php\/wp-json\/wp\/v2\/posts"}],"about":[{"href":"https:\/\/transparencia.camaracolombo.pr.gov.br\/index.php\/wp-json\/wp\/v2\/types\/post"}],"author":[{"embeddable":true,"href":"https:\/\/transparencia.camaracolombo.pr.gov.br\/index.php\/wp-json\/wp\/v2\/users\/4"}],"replies":[{"embeddable":true,"href":"https:\/\/transparencia.camaracolombo.pr.gov.br\/index.php\/wp-json\/wp\/v2\/comments?post=52384"}],"version-history":[{"count":3,"href":"https:\/\/transparencia.camaracolombo.pr.gov.br\/index.php\/wp-json\/wp\/v2\/posts\/52384\/revisions"}],"predecessor-version":[{"id":52390,"href":"https:\/\/transparencia.camaracolombo.pr.gov.br\/index.php\/wp-json\/wp\/v2\/posts\/52384\/revisions\/52390"}],"wp:featuredmedia":[{"embeddable":true,"href":"https:\/\/transparencia.camaracolombo.pr.gov.br\/index.php\/wp-json\/wp\/v2\/media\/52386"}],"wp:attachment":[{"href":"https:\/\/transparencia.camaracolombo.pr.gov.br\/index.php\/wp-json\/wp\/v2\/media?parent=52384"}],"wp:term":[{"taxonomy":"category","embeddable":true,"href":"https:\/\/transparencia.camaracolombo.pr.gov.br\/index.php\/wp-json\/wp\/v2\/categories?post=52384"},{"taxonomy":"post_tag","embeddable":true,"href":"https:\/\/transparencia.camaracolombo.pr.gov.br\/index.php\/wp-json\/wp\/v2\/tags?post=52384"}],"curies":[{"name":"wp","href":"https:\/\/api.w.org\/{rel}","templated":true}]}}