


{"id":52392,"date":"2026-03-25T10:31:37","date_gmt":"2026-03-25T13:31:37","guid":{"rendered":"https:\/\/transparencia.camaracolombo.pr.gov.br\/?p=52392"},"modified":"2026-03-25T10:41:04","modified_gmt":"2026-03-25T13:41:04","slug":"projetos-indicacoes-e-debate-sobre-epilepsia-marcam-sessao-na-camara","status":"publish","type":"post","link":"https:\/\/transparencia.camaracolombo.pr.gov.br\/index.php\/2026\/03\/25\/projetos-indicacoes-e-debate-sobre-epilepsia-marcam-sessao-na-camara\/","title":{"rendered":"Projetos, indica\u00e7\u00f5es e debate sobre epilepsia marcam sess\u00e3o na C\u00e2mara"},"content":{"rendered":"\n<p class=\"wp-block-paragraph\">Reuni\u00e3o destacou pautas de interesse p\u00fablico e abriu espa\u00e7o para discuss\u00e3o sobre sa\u00fade e inclus\u00e3o.<\/p>\n\n\n\n<figure class=\"wp-block-image\"><img loading=\"lazy\" decoding=\"async\" width=\"1024\" height=\"752\" src=\"https:\/\/transparencia.camaracolombo.pr.gov.br\/wp-content\/uploads\/2026\/03\/DSC5165-1024x752.jpg\" alt=\"\" class=\"wp-image-52396\" srcset=\"https:\/\/transparencia.camaracolombo.pr.gov.br\/wp-content\/uploads\/2026\/03\/DSC5165-1024x752.jpg 1024w, https:\/\/transparencia.camaracolombo.pr.gov.br\/wp-content\/uploads\/2026\/03\/DSC5165-300x220.jpg 300w, https:\/\/transparencia.camaracolombo.pr.gov.br\/wp-content\/uploads\/2026\/03\/DSC5165-768x564.jpg 768w\" sizes=\"auto, (max-width: 1024px) 100vw, 1024px\" \/><\/figure>\n\n\n\n<p class=\"wp-block-paragraph\">A C\u00e2mara Municipal de Colombo realizou, nesta ter\u00e7a-feira (24), mais uma sess\u00e3o ordin\u00e1ria da 19\u00aa legislatura, sob a presid\u00eancia do vereador Joel Bueno. A reuni\u00e3o contou com a presen\u00e7a dos parlamentares e teve como destaque a vota\u00e7\u00e3o de projetos, apresenta\u00e7\u00e3o de indica\u00e7\u00f5es e manifesta\u00e7\u00f5es na tribuna.<\/p>\n\n\n\n<p class=\"wp-block-paragraph\">Foram divulgados dois projetos de lei de autoria do Executivo. O <strong>Projeto de Lei n\u00ba 3\/2026<\/strong> institui a Lei Municipal de Assist\u00eancia Social, organizando o Sistema \u00danico de Assist\u00eancia Social (SUAS) no munic\u00edpio. J\u00e1 o <strong>Projeto de Lei n\u00ba 10\/2026<\/strong> autoriza a doa\u00e7\u00e3o de im\u00f3veis ao Governo do Estado do Paran\u00e1 para utiliza\u00e7\u00e3o pelo Col\u00e9gio Estadual Vereador Raulino Costacurta.<\/p>\n\n\n\n<p class=\"wp-block-paragraph\">Na Ordem do Dia, os parlamentares aprovaram, em segunda vota\u00e7\u00e3o, o <strong>Projeto de Lei do Executivo n\u00ba 61\/2025<\/strong>, que revoga legisla\u00e7\u00e3o anterior sobre concess\u00e3o de uso de im\u00f3vel p\u00fablico, e o <strong>Projeto de Lei do Legislativo n\u00ba 1183\/2026<\/strong>, que inclui a Festa dos Para\u00edbas no calend\u00e1rio oficial de eventos do munic\u00edpio.<\/p>\n\n\n\n<p class=\"wp-block-paragraph\">Em primeira vota\u00e7\u00e3o, foi aprovada a emenda modificativa ao <strong>Projeto de Lei do Legislativo n\u00ba 1181\/2026<\/strong>, seguida da aprova\u00e7\u00e3o do pr\u00f3prio projeto, que altera a legisla\u00e7\u00e3o municipal para proibir a comercializa\u00e7\u00e3o de fogos de artif\u00edcio com efeitos sonoros. As mat\u00e9rias retornam \u00e0 pauta na pr\u00f3xima sess\u00e3o ordin\u00e1ria para segunda vota\u00e7\u00e3o.<\/p>\n\n\n\n<p class=\"wp-block-paragraph\">Tamb\u00e9m foi aprovado, em vota\u00e7\u00e3o \u00fanica, o <strong>Projeto de Decreto Legislativo n\u00ba 2\/2026<\/strong>, que concede o T\u00edtulo de Cidad\u00e3 Honor\u00e1ria \u00e0 Vera L\u00facia Pitta.<\/p>\n\n\n\n<p class=\"wp-block-paragraph\"><strong>Indica\u00e7\u00f5es&nbsp;e&nbsp;requerimentos<\/strong><\/p>\n\n\n\n<p class=\"wp-block-paragraph\">Ao todo, foram apresentadas <strong>33 indica\u00e7\u00f5es<\/strong>, encaminhadas \u00e0s secretarias municipais e demais \u00f3rg\u00e3os competentes. As propostas contemplam diversas \u00e1reas, como educa\u00e7\u00e3o, tr\u00e2nsito, esporte, meio ambiente e assist\u00eancia social.<\/p>\n\n\n\n<p class=\"wp-block-paragraph\">Entre os pedidos est\u00e3o a constru\u00e7\u00e3o de CMEI, melhorias na sinaliza\u00e7\u00e3o vi\u00e1ria, pavimenta\u00e7\u00e3o de ruas, implanta\u00e7\u00e3o de espa\u00e7os esportivos, amplia\u00e7\u00e3o de programas p\u00fablicos, al\u00e9m de a\u00e7\u00f5es voltadas \u00e0 inclus\u00e3o, como atendimento a pessoas com Transtorno do Espectro Autista (TEA) e melhorias na estrutura de unidades escolares.<\/p>\n\n\n\n<p class=\"wp-block-paragraph\">Durante a sess\u00e3o, vereadores tamb\u00e9m registraram votos de congratula\u00e7\u00f5es a moradores, profissionais e institui\u00e7\u00f5es do munic\u00edpio, destacando contribui\u00e7\u00f5es nas \u00e1reas de educa\u00e7\u00e3o, esporte, com\u00e9rcio e atua\u00e7\u00e3o comunit\u00e1ria.<\/p>\n\n\n\n<p class=\"wp-block-paragraph\"><strong>Tribuna Livre<\/strong>&nbsp;<\/p>\n\n\n\n<p class=\"wp-block-paragraph\">&nbsp;A sess\u00e3o contou com a participa\u00e7\u00e3o de Juliana Valani Fonseca, representante do projeto \u201cEpilepsia com Afeto Colombo\u201d, que utilizou a tribuna para falar sobre a import\u00e2ncia da conscientiza\u00e7\u00e3o, do respeito e da amplia\u00e7\u00e3o de pol\u00edticas p\u00fablicas voltadas \u00e0s pessoas com epilepsia. O tema foi comentado por vereadores durante a reuni\u00e3o. <\/p>\n\n\n\n<figure class=\"wp-block-image is-resized\"><img loading=\"lazy\" decoding=\"async\" src=\"https:\/\/transparencia.camaracolombo.pr.gov.br\/wp-content\/uploads\/2026\/03\/IMG_1004-1-1024x1019.jpeg\" alt=\"\" class=\"wp-image-52398\" width=\"621\" height=\"618\" srcset=\"https:\/\/transparencia.camaracolombo.pr.gov.br\/wp-content\/uploads\/2026\/03\/IMG_1004-1-1024x1019.jpeg 1024w, https:\/\/transparencia.camaracolombo.pr.gov.br\/wp-content\/uploads\/2026\/03\/IMG_1004-1-150x150.jpeg 150w, https:\/\/transparencia.camaracolombo.pr.gov.br\/wp-content\/uploads\/2026\/03\/IMG_1004-1-300x300.jpeg 300w, https:\/\/transparencia.camaracolombo.pr.gov.br\/wp-content\/uploads\/2026\/03\/IMG_1004-1-768x764.jpeg 768w\" sizes=\"auto, (max-width: 621px) 100vw, 621px\" \/><\/figure>\n\n\n\n<p class=\"wp-block-paragraph\"><br><\/p>\n","protected":false},"excerpt":{"rendered":"<p>Reuni\u00e3o destacou pautas de interesse p\u00fablico e abriu espa\u00e7o para discuss\u00e3o sobre sa\u00fade e inclus\u00e3o. [&#8230;]<\/p>\n","protected":false},"author":4,"featured_media":52400,"comment_status":"closed","ping_status":"closed","sticky":false,"template":"","format":"standard","meta":{"footnotes":""},"categories":[1],"tags":[],"class_list":["post-52392","post","type-post","status-publish","format-standard","has-post-thumbnail","hentry","category-noticias"],"_links":{"self":[{"href":"https:\/\/transparencia.camaracolombo.pr.gov.br\/index.php\/wp-json\/wp\/v2\/posts\/52392","targetHints":{"allow":["GET"]}}],"collection":[{"href":"https:\/\/transparencia.camaracolombo.pr.gov.br\/index.php\/wp-json\/wp\/v2\/posts"}],"about":[{"href":"https:\/\/transparencia.camaracolombo.pr.gov.br\/index.php\/wp-json\/wp\/v2\/types\/post"}],"author":[{"embeddable":true,"href":"https:\/\/transparencia.camaracolombo.pr.gov.br\/index.php\/wp-json\/wp\/v2\/users\/4"}],"replies":[{"embeddable":true,"href":"https:\/\/transparencia.camaracolombo.pr.gov.br\/index.php\/wp-json\/wp\/v2\/comments?post=52392"}],"version-history":[{"count":8,"href":"https:\/\/transparencia.camaracolombo.pr.gov.br\/index.php\/wp-json\/wp\/v2\/posts\/52392\/revisions"}],"predecessor-version":[{"id":52404,"href":"https:\/\/transparencia.camaracolombo.pr.gov.br\/index.php\/wp-json\/wp\/v2\/posts\/52392\/revisions\/52404"}],"wp:featuredmedia":[{"embeddable":true,"href":"https:\/\/transparencia.camaracolombo.pr.gov.br\/index.php\/wp-json\/wp\/v2\/media\/52400"}],"wp:attachment":[{"href":"https:\/\/transparencia.camaracolombo.pr.gov.br\/index.php\/wp-json\/wp\/v2\/media?parent=52392"}],"wp:term":[{"taxonomy":"category","embeddable":true,"href":"https:\/\/transparencia.camaracolombo.pr.gov.br\/index.php\/wp-json\/wp\/v2\/categories?post=52392"},{"taxonomy":"post_tag","embeddable":true,"href":"https:\/\/transparencia.camaracolombo.pr.gov.br\/index.php\/wp-json\/wp\/v2\/tags?post=52392"}],"curies":[{"name":"wp","href":"https:\/\/api.w.org\/{rel}","templated":true}]}}