


{"id":52405,"date":"2026-03-25T14:17:38","date_gmt":"2026-03-25T17:17:38","guid":{"rendered":"https:\/\/transparencia.camaracolombo.pr.gov.br\/?p=52405"},"modified":"2026-03-25T14:17:38","modified_gmt":"2026-03-25T17:17:38","slug":"vereador-propoe-criacao-de-jardins-de-chuva-e-melhoria-na-internet-dos-cmeis-de-colombo","status":"publish","type":"post","link":"https:\/\/transparencia.camaracolombo.pr.gov.br\/index.php\/2026\/03\/25\/vereador-propoe-criacao-de-jardins-de-chuva-e-melhoria-na-internet-dos-cmeis-de-colombo\/","title":{"rendered":"Vereador prop\u00f5e cria\u00e7\u00e3o de jardins de chuva e melhoria na internet dos CMEIs de Colombo"},"content":{"rendered":"\n<p class=\"wp-block-paragraph\"><em>Propostas incluem uso de tecnologia nas escolas, seguran\u00e7a vi\u00e1ria e interven\u00e7\u00f5es em espa\u00e7os p\u00fablicos.<\/em><\/p>\n\n\n\n<figure class=\"wp-block-image\"><img loading=\"lazy\" decoding=\"async\" width=\"1024\" height=\"822\" src=\"https:\/\/transparencia.camaracolombo.pr.gov.br\/wp-content\/uploads\/2026\/03\/DSC5106-1-1024x822.jpg\" alt=\"\" class=\"wp-image-52409\" srcset=\"https:\/\/transparencia.camaracolombo.pr.gov.br\/wp-content\/uploads\/2026\/03\/DSC5106-1-1024x822.jpg 1024w, https:\/\/transparencia.camaracolombo.pr.gov.br\/wp-content\/uploads\/2026\/03\/DSC5106-1-300x241.jpg 300w, https:\/\/transparencia.camaracolombo.pr.gov.br\/wp-content\/uploads\/2026\/03\/DSC5106-1-768x617.jpg 768w\" sizes=\"auto, (max-width: 1024px) 100vw, 1024px\" \/><\/figure>\n\n\n\n<p class=\"wp-block-paragraph\"> Propostas apresentadas na C\u00e2mara Municipal de Colombo apontam medidas voltadas \u00e0 inclus\u00e3o, \u00e0 inova\u00e7\u00e3o no ensino e \u00e0 solu\u00e7\u00e3o de problemas recorrentes, como os alagamentos. <\/p>\n\n\n\n<p class=\"wp-block-paragraph\">De autoria do vereador <strong>Bruno Dias (PSB)<\/strong>, as iniciativas v\u00e3o desde a oferta de abafadores de ru\u00eddo para estudantes com Transtorno do Espectro Autista (TEA) at\u00e9 a implanta\u00e7\u00e3o de um programa de \u201cjardins de chuva\u201d, com foco na drenagem sustent\u00e1vel em \u00e1reas cr\u00edticas do munic\u00edpio. <\/p>\n\n\n\n<h4 class=\"wp-block-heading\"><strong>Medidas para inclus\u00e3o e tecnologia na educa\u00e7\u00e3o<\/strong><\/h4>\n\n\n\n<p class=\"wp-block-paragraph\">Na \u00e1rea educacional, a Indica\u00e7\u00e3o n\u00ba 168\/2026 prev\u00ea a inclus\u00e3o de abafadores de ru\u00eddo nos kits escolares destinados a alunos com TEA. A medida considera a hipersensibilidade auditiva comum nesses estudantes e busca melhorar a concentra\u00e7\u00e3o, o bem-estar e as condi\u00e7\u00f5es de aprendizagem em sala de aula.<\/p>\n\n\n\n<p class=\"wp-block-paragraph\">Outro pedido, por meio da Indica\u00e7\u00e3o n\u00ba 188\/2026, solicita o fornecimento de tablets \u00e0s escolas municipais, com o objetivo de apoiar professores no planejamento e na execu\u00e7\u00e3o de atividades pedag\u00f3gicas, al\u00e9m de ampliar o uso de recursos tecnol\u00f3gicos no ensino.<\/p>\n\n\n\n<p class=\"wp-block-paragraph\">Tamb\u00e9m foi apresentada a Indica\u00e7\u00e3o n\u00ba 196\/2026, que pede a revis\u00e3o das instala\u00e7\u00f5es de internet nos Centros Municipais de Educa\u00e7\u00e3o Infantil (CMEIs). Segundo a justificativa, h\u00e1 relatos de instabilidade no servi\u00e7o, o que compromete atividades administrativas e o uso de ferramentas digitais no ambiente escolar.<\/p>\n\n\n\n<h4 class=\"wp-block-heading\"><strong>Seguran\u00e7a vi\u00e1ria e organiza\u00e7\u00e3o do tr\u00e2nsito<\/strong><\/h4>\n\n\n\n<p class=\"wp-block-paragraph\">Na \u00e1rea de mobilidade, a Indica\u00e7\u00e3o n\u00ba 181\/2026 solicita a revitaliza\u00e7\u00e3o da sinaliza\u00e7\u00e3o vertical e horizontal no cruzamento das ruas Floripa Mullmann e Jaci Rodrigues, no bairro Atuba. A iniciativa prev\u00ea pintura de faixas de pedestres, sinaliza\u00e7\u00e3o de parada obrigat\u00f3ria e instala\u00e7\u00e3o de placas, com o objetivo de reduzir riscos de acidentes.<\/p>\n\n\n\n<p class=\"wp-block-paragraph\">Outra medida, por meio da Indica\u00e7\u00e3o n\u00ba 182\/2026, sugere a realiza\u00e7\u00e3o de estudos para implanta\u00e7\u00e3o de um sistema bin\u00e1rio na Rua Em\u00edlio Gleber, tamb\u00e9m no Atuba, considerando o intenso fluxo de ve\u00edculos, especialmente nos hor\u00e1rios de entrada e sa\u00edda de estudantes de um col\u00e9gio da regi\u00e3o.<\/p>\n\n\n\n<h4 class=\"wp-block-heading\"><strong>Infraestrutura e uso de espa\u00e7os p\u00fablicos<\/strong><\/h4>\n\n\n\n<p class=\"wp-block-paragraph\">A Indica\u00e7\u00e3o n\u00ba 165\/2026 solicita a instala\u00e7\u00e3o de alambrado em quadra esportiva localizada no bairro Maracan\u00e3. A proposta busca evitar que bolas ultrapassem o espa\u00e7o da quadra e atinjam vias com circula\u00e7\u00e3o de ve\u00edculos, aumentando a seguran\u00e7a de crian\u00e7as e adolescentes que utilizam o local.<\/p>\n\n\n\n<h4 class=\"wp-block-heading\"><strong>Solu\u00e7\u00f5es para drenagem e combate a alagamentos<\/strong><\/h4>\n\n\n\n<p class=\"wp-block-paragraph\">Na \u00e1rea ambiental, a Indica\u00e7\u00e3o n\u00ba 197\/2026 prop\u00f5e a cria\u00e7\u00e3o de um programa municipal de \u201cjardins de chuva\u201d. A iniciativa consiste na implanta\u00e7\u00e3o de estruturas com vegeta\u00e7\u00e3o capazes de absorver e reter a \u00e1gua da chuva, contribuindo para a redu\u00e7\u00e3o de alagamentos e inunda\u00e7\u00f5es em pontos cr\u00edticos da cidade.<\/p>\n\n\n\n<p class=\"wp-block-paragraph\">De acordo com a justificativa, a medida se apresenta como uma solu\u00e7\u00e3o de infraestrutura verde, com potencial para melhorar o escoamento da \u00e1gua pluvial e reduzir impactos causados por chuvas intensas. As propostas foram encaminhadas \u00e0s secretarias municipais competentes e aguardam an\u00e1lise t\u00e9cnica do Executivo.<br><\/p>\n\n\n\n<p class=\"wp-block-paragraph\"><br><\/p>\n","protected":false},"excerpt":{"rendered":"<p>Propostas incluem uso de tecnologia nas escolas, seguran\u00e7a vi\u00e1ria e interven\u00e7\u00f5es em espa\u00e7os p\u00fablicos. Propostas [&#8230;]<\/p>\n","protected":false},"author":4,"featured_media":52407,"comment_status":"closed","ping_status":"closed","sticky":false,"template":"","format":"standard","meta":{"footnotes":""},"categories":[1],"tags":[],"class_list":["post-52405","post","type-post","status-publish","format-standard","has-post-thumbnail","hentry","category-noticias"],"_links":{"self":[{"href":"https:\/\/transparencia.camaracolombo.pr.gov.br\/index.php\/wp-json\/wp\/v2\/posts\/52405","targetHints":{"allow":["GET"]}}],"collection":[{"href":"https:\/\/transparencia.camaracolombo.pr.gov.br\/index.php\/wp-json\/wp\/v2\/posts"}],"about":[{"href":"https:\/\/transparencia.camaracolombo.pr.gov.br\/index.php\/wp-json\/wp\/v2\/types\/post"}],"author":[{"embeddable":true,"href":"https:\/\/transparencia.camaracolombo.pr.gov.br\/index.php\/wp-json\/wp\/v2\/users\/4"}],"replies":[{"embeddable":true,"href":"https:\/\/transparencia.camaracolombo.pr.gov.br\/index.php\/wp-json\/wp\/v2\/comments?post=52405"}],"version-history":[{"count":5,"href":"https:\/\/transparencia.camaracolombo.pr.gov.br\/index.php\/wp-json\/wp\/v2\/posts\/52405\/revisions"}],"predecessor-version":[{"id":52413,"href":"https:\/\/transparencia.camaracolombo.pr.gov.br\/index.php\/wp-json\/wp\/v2\/posts\/52405\/revisions\/52413"}],"wp:featuredmedia":[{"embeddable":true,"href":"https:\/\/transparencia.camaracolombo.pr.gov.br\/index.php\/wp-json\/wp\/v2\/media\/52407"}],"wp:attachment":[{"href":"https:\/\/transparencia.camaracolombo.pr.gov.br\/index.php\/wp-json\/wp\/v2\/media?parent=52405"}],"wp:term":[{"taxonomy":"category","embeddable":true,"href":"https:\/\/transparencia.camaracolombo.pr.gov.br\/index.php\/wp-json\/wp\/v2\/categories?post=52405"},{"taxonomy":"post_tag","embeddable":true,"href":"https:\/\/transparencia.camaracolombo.pr.gov.br\/index.php\/wp-json\/wp\/v2\/tags?post=52405"}],"curies":[{"name":"wp","href":"https:\/\/api.w.org\/{rel}","templated":true}]}}