


{"id":53636,"date":"2026-05-14T11:30:36","date_gmt":"2026-05-14T14:30:36","guid":{"rendered":"https:\/\/transparencia.camaracolombo.pr.gov.br\/?p=53636"},"modified":"2026-05-14T11:30:36","modified_gmt":"2026-05-14T14:30:36","slug":"proposta-quer-climatizacao-em-ubss-e-atividades-circenses-na-educacao-infantil","status":"publish","type":"post","link":"https:\/\/transparencia.camaracolombo.pr.gov.br\/index.php\/2026\/05\/14\/proposta-quer-climatizacao-em-ubss-e-atividades-circenses-na-educacao-infantil\/","title":{"rendered":"Proposta quer climatiza\u00e7\u00e3o em UBSs e atividades circenses na educa\u00e7\u00e3o infantil"},"content":{"rendered":"\n<p class=\"wp-block-paragraph\"><em>Solicita\u00e7\u00f5es buscam humanizar atendimentos, qualificar servidores e ampliar investimentos.<\/em><\/p>\n\n\n\n<figure class=\"wp-block-image\"><img loading=\"lazy\" decoding=\"async\" width=\"1024\" height=\"682\" src=\"https:\/\/transparencia.camaracolombo.pr.gov.br\/wp-content\/uploads\/2026\/05\/WhatsApp-Image-2026-05-13-at-11.09.47-2-1024x682.jpeg\" alt=\"\" class=\"wp-image-53637\" srcset=\"https:\/\/transparencia.camaracolombo.pr.gov.br\/wp-content\/uploads\/2026\/05\/WhatsApp-Image-2026-05-13-at-11.09.47-2-1024x682.jpeg 1024w, https:\/\/transparencia.camaracolombo.pr.gov.br\/wp-content\/uploads\/2026\/05\/WhatsApp-Image-2026-05-13-at-11.09.47-2-300x200.jpeg 300w, https:\/\/transparencia.camaracolombo.pr.gov.br\/wp-content\/uploads\/2026\/05\/WhatsApp-Image-2026-05-13-at-11.09.47-2-768x512.jpeg 768w, https:\/\/transparencia.camaracolombo.pr.gov.br\/wp-content\/uploads\/2026\/05\/WhatsApp-Image-2026-05-13-at-11.09.47-2-840x560.jpeg 840w, https:\/\/transparencia.camaracolombo.pr.gov.br\/wp-content\/uploads\/2026\/05\/WhatsApp-Image-2026-05-13-at-11.09.47-2-120x80.jpeg 120w, https:\/\/transparencia.camaracolombo.pr.gov.br\/wp-content\/uploads\/2026\/05\/WhatsApp-Image-2026-05-13-at-11.09.47-2-360x240.jpeg 360w, https:\/\/transparencia.camaracolombo.pr.gov.br\/wp-content\/uploads\/2026\/05\/WhatsApp-Image-2026-05-13-at-11.09.47-2-600x400.jpeg 600w, https:\/\/transparencia.camaracolombo.pr.gov.br\/wp-content\/uploads\/2026\/05\/WhatsApp-Image-2026-05-13-at-11.09.47-2.jpeg 1600w\" sizes=\"auto, (max-width: 1024px) 100vw, 1024px\" \/><figcaption> (Foto: Silmara Portes\/CMC) <\/figcaption><\/figure>\n\n\n\n<p class=\"wp-block-paragraph\">Uma nova s\u00e9rie de indica\u00e7\u00f5es protocoladas pelo vereador <strong>Anderson Prego (PT)<\/strong> na C\u00e2mara Municipal de Colombo re\u00fane propostas voltadas \u00e0 melhoria da sa\u00fade p\u00fablica, inclus\u00e3o social, capacita\u00e7\u00e3o profissional e fortalecimento da educa\u00e7\u00e3o infantil. As solicita\u00e7\u00f5es contemplam desde a climatiza\u00e7\u00e3o de unidades de sa\u00fade at\u00e9 programas de forma\u00e7\u00e3o em sa\u00fade mental, atendimento a migrantes e atividades circenses nas escolas.<\/p>\n\n\n\n<h4 class=\"wp-block-heading\"><strong>Climatiza\u00e7\u00e3o em unidades de sa\u00fade e nova estrutura para UBS<\/strong><\/h4>\n\n\n\n<p class=\"wp-block-paragraph\">Entre os destaques est\u00e1 a <strong>Indica\u00e7\u00e3o n\u00ba 385\/2026<\/strong>, encaminhada \u00e0 Secretaria Municipal de Sa\u00fade, que solicita a instala\u00e7\u00e3o de sistema de climatiza\u00e7\u00e3o nas salas de espera das UBSs Nossa Senhora de F\u00e1tima, Alexandre de Lima Morais (F\u00e1tima), Alexandre Nadolny e do Centro de Especialidades M\u00e9dicas e Odontol\u00f3gicas (CEM\/CEO).<\/p>\n\n\n\n<p class=\"wp-block-paragraph\">A proposta busca garantir mais conforto t\u00e9rmico e acolhimento humanizado aos usu\u00e1rios, especialmente idosos, gestantes e crian\u00e7as. Tamb\u00e9m na \u00e1rea da sa\u00fade, a <strong>Indica\u00e7\u00e3o n\u00ba 388\/2026<\/strong> solicita a constru\u00e7\u00e3o de uma nova unidade para a <strong>UBS S\u00e3o Domingos<\/strong>, no terreno do estacionamento da atual estrutura, visando oferecer espa\u00e7os mais amplos, acessibilidade e estrutura adequada para a regi\u00e3o.<\/p>\n\n\n\n<h4 class=\"wp-block-heading\"><strong>Capacita\u00e7\u00e3o em sa\u00fade mental e atendimento a migrantes<\/strong><\/h4>\n\n\n\n<p class=\"wp-block-paragraph\">A sa\u00fade mental tamb\u00e9m integra as pautas com a <strong>Indica\u00e7\u00e3o n\u00ba 387\/2026<\/strong>, que solicita um programa de capacita\u00e7\u00e3o continuada para profissionais da aten\u00e7\u00e3o b\u00e1sica, com foco na identifica\u00e7\u00e3o e manejo de quadros de ansiedade e depress\u00e3o. A iniciativa busca fortalecer a aten\u00e7\u00e3o prim\u00e1ria e reduzir a sobrecarga de servi\u00e7os especializados.<\/p>\n\n\n\n<p class=\"wp-block-paragraph\">J\u00e1 a <strong>Indica\u00e7\u00e3o n\u00ba 386\/2026<\/strong> solicita a implementa\u00e7\u00e3o de cursos de espanhol para servidores que atendem ao p\u00fablico. A medida considera o aumento da popula\u00e7\u00e3o migrante em Colombo, buscando facilitar o acesso a servi\u00e7os essenciais de sa\u00fade, assist\u00eancia social e educa\u00e7\u00e3o.<\/p>\n\n\n\n<h4 class=\"wp-block-heading\"><strong>Atividades circenses e valoriza\u00e7\u00e3o do aprendizado<\/strong><\/h4>\n\n\n\n<p class=\"wp-block-paragraph\">Na \u00e1rea educacional, a <strong>Indica\u00e7\u00e3o n\u00ba 389\/2026<\/strong> prop\u00f5e a implanta\u00e7\u00e3o de atividades circenses na Educa\u00e7\u00e3o Infantil da Rede Municipal. O objetivo \u00e9 usar o circo como ferramenta pedag\u00f3gica para o desenvolvimento motor, cognitivo e emocional das crian\u00e7as.<\/p>\n\n\n\n<p class=\"wp-block-paragraph\">Complementando a iniciativa, a <strong>Indica\u00e7\u00e3o n\u00ba 390\/2026<\/strong> solicita a capacita\u00e7\u00e3o de professores em metodologias l\u00fadicas circenses, preparando os docentes para a aplica\u00e7\u00e3o dessas pr\u00e1ticas inovadoras em conformidade com a Base Nacional Comum Curricular (BNCC).<br><\/p>\n\n\n\n<p class=\"wp-block-paragraph\"><em><br><\/em><\/p>\n","protected":false},"excerpt":{"rendered":"<p>Solicita\u00e7\u00f5es buscam humanizar atendimentos, qualificar servidores e ampliar investimentos. Uma nova s\u00e9rie de indica\u00e7\u00f5es protocoladas [&#8230;]<\/p>\n","protected":false},"author":4,"featured_media":53639,"comment_status":"closed","ping_status":"closed","sticky":false,"template":"","format":"standard","meta":{"footnotes":""},"categories":[1],"tags":[],"class_list":["post-53636","post","type-post","status-publish","format-standard","has-post-thumbnail","hentry","category-noticias"],"_links":{"self":[{"href":"https:\/\/transparencia.camaracolombo.pr.gov.br\/index.php\/wp-json\/wp\/v2\/posts\/53636","targetHints":{"allow":["GET"]}}],"collection":[{"href":"https:\/\/transparencia.camaracolombo.pr.gov.br\/index.php\/wp-json\/wp\/v2\/posts"}],"about":[{"href":"https:\/\/transparencia.camaracolombo.pr.gov.br\/index.php\/wp-json\/wp\/v2\/types\/post"}],"author":[{"embeddable":true,"href":"https:\/\/transparencia.camaracolombo.pr.gov.br\/index.php\/wp-json\/wp\/v2\/users\/4"}],"replies":[{"embeddable":true,"href":"https:\/\/transparencia.camaracolombo.pr.gov.br\/index.php\/wp-json\/wp\/v2\/comments?post=53636"}],"version-history":[{"count":1,"href":"https:\/\/transparencia.camaracolombo.pr.gov.br\/index.php\/wp-json\/wp\/v2\/posts\/53636\/revisions"}],"predecessor-version":[{"id":53638,"href":"https:\/\/transparencia.camaracolombo.pr.gov.br\/index.php\/wp-json\/wp\/v2\/posts\/53636\/revisions\/53638"}],"wp:featuredmedia":[{"embeddable":true,"href":"https:\/\/transparencia.camaracolombo.pr.gov.br\/index.php\/wp-json\/wp\/v2\/media\/53639"}],"wp:attachment":[{"href":"https:\/\/transparencia.camaracolombo.pr.gov.br\/index.php\/wp-json\/wp\/v2\/media?parent=53636"}],"wp:term":[{"taxonomy":"category","embeddable":true,"href":"https:\/\/transparencia.camaracolombo.pr.gov.br\/index.php\/wp-json\/wp\/v2\/categories?post=53636"},{"taxonomy":"post_tag","embeddable":true,"href":"https:\/\/transparencia.camaracolombo.pr.gov.br\/index.php\/wp-json\/wp\/v2\/tags?post=53636"}],"curies":[{"name":"wp","href":"https:\/\/api.w.org\/{rel}","templated":true}]}}