


{"id":54887,"date":"2026-08-31T09:20:00","date_gmt":"2026-08-31T12:20:00","guid":{"rendered":"https:\/\/transparencia.camaracolombo.pr.gov.br\/?p=54887"},"modified":"2026-08-26T17:14:00","modified_gmt":"2026-08-26T20:14:00","slug":"realizacao-de-vistorias-do-transporte-escolar-privado-no-proprio-municipio-e-proposta","status":"publish","type":"post","link":"https:\/\/transparencia.camaracolombo.pr.gov.br\/index.php\/2026\/08\/31\/realizacao-de-vistorias-do-transporte-escolar-privado-no-proprio-municipio-e-proposta\/","title":{"rendered":"Realiza\u00e7\u00e3o de vistorias do transporte escolar privado no pr\u00f3prio munic\u00edpio \u00e9 proposta"},"content":{"rendered":"\n<p class=\"wp-block-paragraph\"><em>Indica\u00e7\u00e3o busca descentralizar o procedimento e facilitar a rotina dos profissionais do setor.<\/em><\/p>\n\n\n\n<figure class=\"wp-block-image size-large\"><img loading=\"lazy\" decoding=\"async\" width=\"1024\" height=\"682\" src=\"https:\/\/transparencia.camaracolombo.pr.gov.br\/wp-content\/uploads\/2026\/06\/WhatsApp-Image-2026-06-17-at-10.43.56-1024x682.jpeg\" alt=\"\" class=\"wp-image-54165\" srcset=\"https:\/\/transparencia.camaracolombo.pr.gov.br\/wp-content\/uploads\/2026\/06\/WhatsApp-Image-2026-06-17-at-10.43.56-1024x682.jpeg 1024w, https:\/\/transparencia.camaracolombo.pr.gov.br\/wp-content\/uploads\/2026\/06\/WhatsApp-Image-2026-06-17-at-10.43.56-300x200.jpeg 300w, https:\/\/transparencia.camaracolombo.pr.gov.br\/wp-content\/uploads\/2026\/06\/WhatsApp-Image-2026-06-17-at-10.43.56-768x512.jpeg 768w, https:\/\/transparencia.camaracolombo.pr.gov.br\/wp-content\/uploads\/2026\/06\/WhatsApp-Image-2026-06-17-at-10.43.56-840x560.jpeg 840w, https:\/\/transparencia.camaracolombo.pr.gov.br\/wp-content\/uploads\/2026\/06\/WhatsApp-Image-2026-06-17-at-10.43.56-120x80.jpeg 120w, https:\/\/transparencia.camaracolombo.pr.gov.br\/wp-content\/uploads\/2026\/06\/WhatsApp-Image-2026-06-17-at-10.43.56-360x240.jpeg 360w, https:\/\/transparencia.camaracolombo.pr.gov.br\/wp-content\/uploads\/2026\/06\/WhatsApp-Image-2026-06-17-at-10.43.56-600x400.jpeg 600w, https:\/\/transparencia.camaracolombo.pr.gov.br\/wp-content\/uploads\/2026\/06\/WhatsApp-Image-2026-06-17-at-10.43.56.jpeg 1600w\" sizes=\"auto, (max-width: 1024px) 100vw, 1024px\" \/><figcaption class=\"wp-element-caption\">(Foto: Silmara Portes\/CMC)<\/figcaption><\/figure>\n\n\n\n<p class=\"wp-block-paragraph\">O vereador <strong>Renato da Farm\u00e1cia (Novo)<\/strong> protocolou a Indica\u00e7\u00e3o n\u00ba 773\/2026 solicitando ao Poder Executivo a ado\u00e7\u00e3o de medidas t\u00e9cnicas e jur\u00eddicas para que as vistorias semestrais dos ve\u00edculos de transporte escolar privado possam ser executadas diretamente pela Secretaria Municipal de Tr\u00e2nsito e Ordem P\u00fablica de Colombo.<\/p>\n\n\n\n<h3 class=\"wp-block-heading\"><strong>Descentraliza\u00e7\u00e3o e apoio aos transportadores<\/strong><\/h3>\n\n\n\n<p class=\"wp-block-paragraph\">A iniciativa visa facilitar o cumprimento das exig\u00eancias legais por parte dos motoristas e permission\u00e1rios locais:<\/p>\n\n\n\n<p class=\"wp-block-paragraph\"><strong>Redu\u00e7\u00e3o de deslocamentos e custos:<\/strong> Evita que os profissionais precisem se deslocar para outros munic\u00edpios ou postos distantes para realizar a inspe\u00e7\u00e3o peri\u00f3dica;<\/p>\n\n\n\n<p class=\"wp-block-paragraph\"><strong>Manuten\u00e7\u00e3o do rigor t\u00e9cnico:<\/strong> A proposta preserva integralmente as exig\u00eancias de seguran\u00e7a e a periodicidade semestral estabelecidas pelo C\u00f3digo de Tr\u00e2nsito Brasileiro (CTB), sem flexibiliza\u00e7\u00e3o de crit\u00e9rios;<\/p>\n\n\n\n<p class=\"wp-block-paragraph\"><strong>Conv\u00eanios e parcerias:<\/strong> Sugere estudos para formalizar coopera\u00e7\u00e3o, delega\u00e7\u00e3o ou credenciamento junto ao DETRAN\/PR para assegurar a validade jur\u00eddica das vistorias municipais.<\/p>\n\n\n\n<h3 class=\"wp-block-heading\"><strong>Fortalecimento da fiscaliza\u00e7\u00e3o local<\/strong><\/h3>\n\n\n\n<p class=\"wp-block-paragraph\">A justificativa destaca que a inspe\u00e7\u00e3o municipal direta permitir\u00e1 um acompanhamento mais rigoroso da frota que circula diariamente levando estudantes. A proximidade da fiscaliza\u00e7\u00e3o contribui para identificar irregularidades com mais rapidez, garantindo ve\u00edculos mais seguros para o transporte das crian\u00e7as e jovens colombenses.<\/p>\n","protected":false},"excerpt":{"rendered":"<p>Indica\u00e7\u00e3o busca descentralizar o procedimento e facilitar a rotina dos profissionais do setor. O vereador [&#8230;]<\/p>\n","protected":false},"author":4,"featured_media":54908,"comment_status":"closed","ping_status":"closed","sticky":false,"template":"","format":"standard","meta":{"footnotes":""},"categories":[1],"tags":[],"class_list":["post-54887","post","type-post","status-publish","format-standard","has-post-thumbnail","hentry","category-noticias"],"_links":{"self":[{"href":"https:\/\/transparencia.camaracolombo.pr.gov.br\/index.php\/wp-json\/wp\/v2\/posts\/54887","targetHints":{"allow":["GET"]}}],"collection":[{"href":"https:\/\/transparencia.camaracolombo.pr.gov.br\/index.php\/wp-json\/wp\/v2\/posts"}],"about":[{"href":"https:\/\/transparencia.camaracolombo.pr.gov.br\/index.php\/wp-json\/wp\/v2\/types\/post"}],"author":[{"embeddable":true,"href":"https:\/\/transparencia.camaracolombo.pr.gov.br\/index.php\/wp-json\/wp\/v2\/users\/4"}],"replies":[{"embeddable":true,"href":"https:\/\/transparencia.camaracolombo.pr.gov.br\/index.php\/wp-json\/wp\/v2\/comments?post=54887"}],"version-history":[{"count":2,"href":"https:\/\/transparencia.camaracolombo.pr.gov.br\/index.php\/wp-json\/wp\/v2\/posts\/54887\/revisions"}],"predecessor-version":[{"id":54907,"href":"https:\/\/transparencia.camaracolombo.pr.gov.br\/index.php\/wp-json\/wp\/v2\/posts\/54887\/revisions\/54907"}],"wp:featuredmedia":[{"embeddable":true,"href":"https:\/\/transparencia.camaracolombo.pr.gov.br\/index.php\/wp-json\/wp\/v2\/media\/54908"}],"wp:attachment":[{"href":"https:\/\/transparencia.camaracolombo.pr.gov.br\/index.php\/wp-json\/wp\/v2\/media?parent=54887"}],"wp:term":[{"taxonomy":"category","embeddable":true,"href":"https:\/\/transparencia.camaracolombo.pr.gov.br\/index.php\/wp-json\/wp\/v2\/categories?post=54887"},{"taxonomy":"post_tag","embeddable":true,"href":"https:\/\/transparencia.camaracolombo.pr.gov.br\/index.php\/wp-json\/wp\/v2\/tags?post=54887"}],"curies":[{"name":"wp","href":"https:\/\/api.w.org\/{rel}","templated":true}]}}