


{"id":54889,"date":"2026-08-31T14:18:00","date_gmt":"2026-08-31T17:18:00","guid":{"rendered":"https:\/\/transparencia.camaracolombo.pr.gov.br\/?p=54889"},"modified":"2026-08-26T17:45:07","modified_gmt":"2026-08-26T20:45:07","slug":"do-playground-as-placas-de-rua-propostas-buscam-melhorar-espacos-publicos","status":"publish","type":"post","link":"https:\/\/transparencia.camaracolombo.pr.gov.br\/index.php\/2026\/08\/31\/do-playground-as-placas-de-rua-propostas-buscam-melhorar-espacos-publicos\/","title":{"rendered":"Do playground \u00e0s placas de rua: propostas buscam melhorar espa\u00e7os p\u00fablicos"},"content":{"rendered":"\n<p class=\"wp-block-paragraph\"><em>Iniciativas visam substituir parquinho, instalar academia e sinalizar vias do Jardim das Gra\u00e7as.<\/em><\/p>\n\n\n\n<figure class=\"wp-block-image size-full\"><img loading=\"lazy\" decoding=\"async\" width=\"4800\" height=\"3200\" src=\"https:\/\/transparencia.camaracolombo.pr.gov.br\/wp-content\/uploads\/2026\/08\/DSC7414.jpg\" alt=\"\" class=\"wp-image-54785\" \/><figcaption class=\"wp-element-caption\">(Foto: Silmara Portes\/CMC)<\/figcaption><\/figure>\n\n\n\n<p class=\"wp-block-paragraph\">O vereador <strong>Tininho Mello (PSD)<\/strong> apresentou indica\u00e7\u00f5es voltadas para a melhoria de espa\u00e7os p\u00fablicos de lazer, incentivo ao esporte e organiza\u00e7\u00e3o do endere\u00e7amento urbano. As mat\u00e9rias foram direcionadas para an\u00e1lise das secretarias municipais competentes.<\/p>\n\n\n\n<h3 class=\"wp-block-heading\"><strong>Revitaliza\u00e7\u00e3o e novos espa\u00e7os de lazer e esporte<\/strong><\/h3>\n\n\n\n<p class=\"wp-block-paragraph\">No eixo de esporte e lazer, o parlamentar indicou interven\u00e7\u00f5es em duas comunidades do munic\u00edpio:<\/p>\n\n\n\n<p class=\"wp-block-paragraph\"><strong>Pra\u00e7a Alessandra Marchi (Indica\u00e7\u00e3o n\u00ba 775\/2026):<\/strong> Solicita \u00e0 Secretaria Municipal de Esporte e Lazer a substitui\u00e7\u00e3o dos equipamentos deteriorados da academia ao ar livre e do playground infantil na Vila Zumbi dos Palmares, garantindo mais seguran\u00e7a e conforto aos frequentadores.<\/p>\n\n\n\n<p class=\"wp-block-paragraph\"><strong>Vila Liberdade (Indica\u00e7\u00e3o n\u00ba 776\/2026):<\/strong> Pede a implanta\u00e7\u00e3o de um playground infantil e de uma academia ao ar livre na \u00e1rea do Campo de Futebol, no cruzamento das ruas Ant\u00f4nio Busato e Paulo Milani (bairro Palmital), criando novas op\u00e7\u00f5es de recrea\u00e7\u00e3o para as fam\u00edlias locais.<\/p>\n\n\n\n<h3 class=\"wp-block-heading\"><strong>Padroniza\u00e7\u00e3o de placas de ruas no Jardim das Gra\u00e7as<\/strong><\/h3>\n\n\n\n<p class=\"wp-block-paragraph\">A <strong>Indica\u00e7\u00e3o n\u00ba 777\/2026<\/strong> solicita \u00e0 Secretaria Municipal de Urbanismo a instala\u00e7\u00e3o, reposi\u00e7\u00e3o e padroniza\u00e7\u00e3o das placas de identifica\u00e7\u00e3o de logradouros em quase 30 vias do Jardim das Gra\u00e7as:<\/p>\n\n\n\n<p class=\"wp-block-paragraph\"><strong>Ruas contempladas:<\/strong> Ruas da Castanheira, Cerejeira, Gabirobeira, Goiabeira, Jaboticabeira, Jaqueira, Mangueira, Ameixeiras, Amoreiras, Bananeiras, Figueiras, Laranjeiras, Macieiras, Mimoseiras, Pitangueiras, Ara\u00e7aeiro, Cajueiro, Damasqueiro, Limoeiro, Mamoeiro, Tarum\u00e3, Abacateiros, Butiazeiros, Caquizeiros, Marmeleiros, Pessegueiros, al\u00e9m das ruas Francisco Baggio e \u00c2ngelo Falavinha Dalpr\u00e1.<\/p>\n\n\n\n<p class=\"wp-block-paragraph\"><strong>Objetivo:<\/strong> Facilitar a localiza\u00e7\u00e3o por entregadores, prestadores de servi\u00e7o e visitantes, al\u00e9m de agilizar o deslocamento de equipes de emerg\u00eancia como SAMU, Pol\u00edcia Militar e Corpo de Bombeiros.<\/p>\n","protected":false},"excerpt":{"rendered":"<p>Iniciativas visam substituir parquinho, instalar academia e sinalizar vias do Jardim das Gra\u00e7as. O vereador [&#8230;]<\/p>\n","protected":false},"author":4,"featured_media":54910,"comment_status":"closed","ping_status":"closed","sticky":false,"template":"","format":"standard","meta":{"footnotes":""},"categories":[1],"tags":[],"class_list":["post-54889","post","type-post","status-publish","format-standard","has-post-thumbnail","hentry","category-noticias"],"_links":{"self":[{"href":"https:\/\/transparencia.camaracolombo.pr.gov.br\/index.php\/wp-json\/wp\/v2\/posts\/54889","targetHints":{"allow":["GET"]}}],"collection":[{"href":"https:\/\/transparencia.camaracolombo.pr.gov.br\/index.php\/wp-json\/wp\/v2\/posts"}],"about":[{"href":"https:\/\/transparencia.camaracolombo.pr.gov.br\/index.php\/wp-json\/wp\/v2\/types\/post"}],"author":[{"embeddable":true,"href":"https:\/\/transparencia.camaracolombo.pr.gov.br\/index.php\/wp-json\/wp\/v2\/users\/4"}],"replies":[{"embeddable":true,"href":"https:\/\/transparencia.camaracolombo.pr.gov.br\/index.php\/wp-json\/wp\/v2\/comments?post=54889"}],"version-history":[{"count":2,"href":"https:\/\/transparencia.camaracolombo.pr.gov.br\/index.php\/wp-json\/wp\/v2\/posts\/54889\/revisions"}],"predecessor-version":[{"id":54909,"href":"https:\/\/transparencia.camaracolombo.pr.gov.br\/index.php\/wp-json\/wp\/v2\/posts\/54889\/revisions\/54909"}],"wp:featuredmedia":[{"embeddable":true,"href":"https:\/\/transparencia.camaracolombo.pr.gov.br\/index.php\/wp-json\/wp\/v2\/media\/54910"}],"wp:attachment":[{"href":"https:\/\/transparencia.camaracolombo.pr.gov.br\/index.php\/wp-json\/wp\/v2\/media?parent=54889"}],"wp:term":[{"taxonomy":"category","embeddable":true,"href":"https:\/\/transparencia.camaracolombo.pr.gov.br\/index.php\/wp-json\/wp\/v2\/categories?post=54889"},{"taxonomy":"post_tag","embeddable":true,"href":"https:\/\/transparencia.camaracolombo.pr.gov.br\/index.php\/wp-json\/wp\/v2\/tags?post=54889"}],"curies":[{"name":"wp","href":"https:\/\/api.w.org\/{rel}","templated":true}]}}