


{"id":54891,"date":"2026-09-01T09:20:00","date_gmt":"2026-09-01T12:20:00","guid":{"rendered":"https:\/\/transparencia.camaracolombo.pr.gov.br\/?p=54891"},"modified":"2026-08-26T17:49:36","modified_gmt":"2026-08-26T20:49:36","slug":"prazos-da-sanepar-e-fiacao-subterranea-entram-na-pauta-de-melhorias-urbanas","status":"publish","type":"post","link":"https:\/\/transparencia.camaracolombo.pr.gov.br\/index.php\/2026\/09\/01\/prazos-da-sanepar-e-fiacao-subterranea-entram-na-pauta-de-melhorias-urbanas\/","title":{"rendered":"Prazos da Sanepar e fia\u00e7\u00e3o subterr\u00e2nea entram na pauta de melhorias urbanas"},"content":{"rendered":"\n<p class=\"wp-block-paragraph\"><em>Iniciativas focam na fiscaliza\u00e7\u00e3o do saneamento e na moderniza\u00e7\u00e3o do tr\u00e2nsito.<\/em><\/p>\n\n\n\n<figure class=\"wp-block-image size-full\"><img loading=\"lazy\" decoding=\"async\" width=\"4091\" height=\"3200\" src=\"https:\/\/transparencia.camaracolombo.pr.gov.br\/wp-content\/uploads\/2026\/07\/DSC6719.jpg\" alt=\"\" class=\"wp-image-54486\" \/><figcaption class=\"wp-element-caption\">(Foto: Silmara Portes\/CMC)<\/figcaption><\/figure>\n\n\n\n<p class=\"wp-block-paragraph\">O vereador <strong>Joel Bueno (PSD)<\/strong> protocolou duas indica\u00e7\u00f5es na C\u00e2mara Municipal voltadas para a melhoria da infraestrutura urbana e a fiscaliza\u00e7\u00e3o de servi\u00e7os concessionados. As mat\u00e9rias seguem para an\u00e1lise de viabilidade do Poder Executivo e das secretarias competentes.<\/p>\n\n\n\n<h3 class=\"wp-block-heading\"><strong>Transpar\u00eancia nos prazos e obras da Sanepar<\/strong><\/h3>\n\n\n\n<p class=\"wp-block-paragraph\">A <strong>Indica\u00e7\u00e3o n\u00ba 779\/2026<\/strong> solicita que o Prefeito Municipal intervenha junto \u00e0 Companhia de Saneamento do Paran\u00e1 (Sanepar) para que a empresa repasse \u00e0 Prefeitura os prazos e cronogramas oficiais dos servi\u00e7os executados na cidade:<\/p>\n\n\n\n<p class=\"wp-block-paragraph\"><strong>Servi\u00e7os cobrados:<\/strong> Informa\u00e7\u00f5es sobre prazos de liga\u00e7\u00f5es\/religa\u00e7\u00f5es de \u00e1gua e esgoto, reparo de vazamentos, desobstru\u00e7\u00e3o de redes e recomposi\u00e7\u00e3o de pavimenta\u00e7\u00e3o asf\u00e1ltica p\u00f3s-obra;<\/p>\n\n\n\n<p class=\"wp-block-paragraph\"><strong>Fiscaliza\u00e7\u00e3o e di\u00e1logo:<\/strong> A medida busca dar previsibilidade aos moradores e permitir que o munic\u00edpio acompanhe a execu\u00e7\u00e3o dos trabalhos e cobre agilidade no encerramento das interven\u00e7\u00f5es nas vias.<\/p>\n\n\n\n<h3 class=\"wp-block-heading\"><strong>Estudo para fia\u00e7\u00e3o subterr\u00e2nea em vias de grande tr\u00e1fego<\/strong><\/h3>\n\n\n\n<p class=\"wp-block-paragraph\">A <strong>Indica\u00e7\u00e3o n\u00ba 780\/2026<\/strong> pede \u00e0 Secretaria Municipal de Planejamento, Inova\u00e7\u00e3o e Tecnologia um estudo de viabilidade para a implanta\u00e7\u00e3o gradual de fia\u00e7\u00e3o subterr\u00e2nea em corredores de tr\u00e2nsito intenso:<\/p>\n\n\n\n<p class=\"wp-block-paragraph\"><strong>Vias contempladas:<\/strong> Ruas Cascavel, Gen\u00e9sio Moreschi, Pedro do Ros\u00e1rio, Cerro Azul, Le\u00f4nidas Alberti, Campo Largo, Campo Mour\u00e3o e Foz do Igua\u00e7u;<\/p>\n\n\n\n<p class=\"wp-block-paragraph\"><strong>Seguran\u00e7a e infraestrutura:<\/strong> Busca conter o rompimento constante de cabos provocado por caminh\u00f5es altos, reduzindo a polui\u00e7\u00e3o visual, desobstruindo cal\u00e7adas e garantindo parcerias com empresas de energia e telecomunica\u00e7\u00f5es.<\/p>\n","protected":false},"excerpt":{"rendered":"<p>Iniciativas focam na fiscaliza\u00e7\u00e3o do saneamento e na moderniza\u00e7\u00e3o do tr\u00e2nsito. O vereador Joel Bueno [&#8230;]<\/p>\n","protected":false},"author":4,"featured_media":54912,"comment_status":"closed","ping_status":"closed","sticky":false,"template":"","format":"standard","meta":{"footnotes":""},"categories":[1],"tags":[],"class_list":["post-54891","post","type-post","status-publish","format-standard","has-post-thumbnail","hentry","category-noticias"],"_links":{"self":[{"href":"https:\/\/transparencia.camaracolombo.pr.gov.br\/index.php\/wp-json\/wp\/v2\/posts\/54891","targetHints":{"allow":["GET"]}}],"collection":[{"href":"https:\/\/transparencia.camaracolombo.pr.gov.br\/index.php\/wp-json\/wp\/v2\/posts"}],"about":[{"href":"https:\/\/transparencia.camaracolombo.pr.gov.br\/index.php\/wp-json\/wp\/v2\/types\/post"}],"author":[{"embeddable":true,"href":"https:\/\/transparencia.camaracolombo.pr.gov.br\/index.php\/wp-json\/wp\/v2\/users\/4"}],"replies":[{"embeddable":true,"href":"https:\/\/transparencia.camaracolombo.pr.gov.br\/index.php\/wp-json\/wp\/v2\/comments?post=54891"}],"version-history":[{"count":2,"href":"https:\/\/transparencia.camaracolombo.pr.gov.br\/index.php\/wp-json\/wp\/v2\/posts\/54891\/revisions"}],"predecessor-version":[{"id":54911,"href":"https:\/\/transparencia.camaracolombo.pr.gov.br\/index.php\/wp-json\/wp\/v2\/posts\/54891\/revisions\/54911"}],"wp:featuredmedia":[{"embeddable":true,"href":"https:\/\/transparencia.camaracolombo.pr.gov.br\/index.php\/wp-json\/wp\/v2\/media\/54912"}],"wp:attachment":[{"href":"https:\/\/transparencia.camaracolombo.pr.gov.br\/index.php\/wp-json\/wp\/v2\/media?parent=54891"}],"wp:term":[{"taxonomy":"category","embeddable":true,"href":"https:\/\/transparencia.camaracolombo.pr.gov.br\/index.php\/wp-json\/wp\/v2\/categories?post=54891"},{"taxonomy":"post_tag","embeddable":true,"href":"https:\/\/transparencia.camaracolombo.pr.gov.br\/index.php\/wp-json\/wp\/v2\/tags?post=54891"}],"curies":[{"name":"wp","href":"https:\/\/api.w.org\/{rel}","templated":true}]}}