


{"id":54927,"date":"2026-08-31T12:19:02","date_gmt":"2026-08-31T15:19:02","guid":{"rendered":"https:\/\/transparencia.camaracolombo.pr.gov.br\/?p=54927"},"modified":"2026-08-31T12:19:02","modified_gmt":"2026-08-31T15:19:02","slug":"ccj-analisa-projetos-e-indicacoes-2","status":"publish","type":"post","link":"https:\/\/transparencia.camaracolombo.pr.gov.br\/index.php\/2026\/08\/31\/ccj-analisa-projetos-e-indicacoes-2\/","title":{"rendered":"CCJ analisa projetos e indica\u00e7\u00f5es"},"content":{"rendered":"\n<p class=\"wp-block-paragraph\"><strong><em>Comiss\u00e3o de Constitui\u00e7\u00e3o e Justi\u00e7a (CCJ) da C\u00e2mara Municipal de Colombo teve sua reuni\u00e3o na manh\u00e3 desta segunda-feira (31).<\/em><\/strong><\/p>\n\n\n\n<figure class=\"wp-block-image size-full\"><img loading=\"lazy\" decoding=\"async\" width=\"425\" height=\"319\" src=\"https:\/\/transparencia.camaracolombo.pr.gov.br\/wp-content\/uploads\/2026\/08\/IMG_2498.bmp\" alt=\"\" class=\"wp-image-54928\" \/><\/figure>\n\n\n\n<p class=\"wp-block-paragraph\">Em reuni\u00e3o realizada na manh\u00e3 desta segunda-feira (31), a Comiss\u00e3o de Constitui\u00e7\u00e3o e Justi\u00e7a (CCJ) da C\u00e2mara Municipal de Colombo analisou dois projetos de lei do Poder Executivo e duas propostas do Poder Legislativo.<\/p>\n\n\n\n<p class=\"wp-block-paragraph\">O encontro foi presidido pelo presidente do colegiado, vereador Z\u00e9 Arcie (PL) e contou com as presen\u00e7as dos vereadores Anderson Prego (PT), Maicon Martins (PP), Ratinho Gotardo (PSD), Ademar Costa (Uni\u00e3o), Pastor Abelardo Gomes (PSD) e Ney Marcelino (Podemos).<\/p>\n\n\n\n<p class=\"wp-block-paragraph\">Foi aprovado o Projeto de Lei do Legislativo n\u00ba 1197\/2026 que declara de utilidade p\u00fablica o Real Colombo Futebol Clube. A autoria da proposta \u00e9 do vereador Z\u00e9 Arcie (PL). O vereador Ney Marcelino exarou parecer favor\u00e1vel \u00e0 tramita\u00e7\u00e3o da proposi\u00e7\u00e3o.<\/p>\n\n\n\n<p class=\"wp-block-paragraph\">Foi recebido o Projeto de Lei do Executivo n\u00ba 24\/2026 que institui o Plano Municipal de Cultura do Munic\u00edpio de Colombo, para dec\u00eanio 2026-2035, e estabelece seus princ\u00edpios, diretrizes, objetivos, mecanismos de execu\u00e7\u00e3o, monitoramento e revis\u00e3o.<\/p>\n\n\n\n<p class=\"wp-block-paragraph\">Tamb\u00e9m foi recebido pelo colegiado o Projeto de Lei do Executivo n\u00ba 25\/2026 que institui o Plano Municipal de Igualdade Racial do Munic\u00edpio de Colombo para o dec\u00eanio 2026-2035 e estabelece seus princ\u00edpios, diretrizes, objetivos, mecanismos de execu\u00e7\u00e3o, monitoramento e revis\u00e3o. O projeto tem como relator o Vereador Ademar Costa (Uni\u00e3o). Como a Prefeitura enviou um projeto substitutivo, ser\u00e1 encaminhado o projeto novamente para parecer jur\u00eddico e, ap\u00f3s, a proposta retorna para o Vereador Ademar Costa (Uni\u00e3o) exarar seu voto.<\/p>\n\n\n\n<p class=\"wp-block-paragraph\">Por fim, foi recebido o Projeto de Lei do Legislativo n\u00ba 1200\/2026 que institui a Pol\u00edtica Municipal de Promo\u00e7\u00e3o da Acessibilidade em L\u00edngua Brasileira de Sinais \u2013 Libras no Munic\u00edpio de Colombo e d\u00e1 outras provid\u00eancias. A mat\u00e9ria \u00e9 de iniciativa do vereador Ademar Costa (Uni\u00e3o).<\/p>\n\n\n\n<p class=\"wp-block-paragraph\"><strong>Protocolos de Indica\u00e7\u00f5es<\/strong> &#8211; Foram deliberados 27 protocolos de indica\u00e7\u00f5es que est\u00e3o em tramita\u00e7\u00e3o na Casa Legislativa. Essas proposi\u00e7\u00f5es visam melhorar a qualidade de vida da popula\u00e7\u00e3o colombense. Assinaram esses documentos os vereadores Pastor Abelardo Gomes (PSD), Anderson Prego (PT), Bruno Dias (PSB), Z\u00e9 Arcie (PL), Ademar Costa (Uni\u00e3o), Pastor Helio Feitosa (PL) e Evandro Fran\u00e7a (PSD).<\/p>\n","protected":false},"excerpt":{"rendered":"<p>Comiss\u00e3o de Constitui\u00e7\u00e3o e Justi\u00e7a (CCJ) da C\u00e2mara Municipal de Colombo teve sua reuni\u00e3o na [&#8230;]<\/p>\n","protected":false},"author":2,"featured_media":54929,"comment_status":"closed","ping_status":"closed","sticky":false,"template":"","format":"standard","meta":{"footnotes":""},"categories":[1],"tags":[],"class_list":["post-54927","post","type-post","status-publish","format-standard","has-post-thumbnail","hentry","category-noticias"],"_links":{"self":[{"href":"https:\/\/transparencia.camaracolombo.pr.gov.br\/index.php\/wp-json\/wp\/v2\/posts\/54927","targetHints":{"allow":["GET"]}}],"collection":[{"href":"https:\/\/transparencia.camaracolombo.pr.gov.br\/index.php\/wp-json\/wp\/v2\/posts"}],"about":[{"href":"https:\/\/transparencia.camaracolombo.pr.gov.br\/index.php\/wp-json\/wp\/v2\/types\/post"}],"author":[{"embeddable":true,"href":"https:\/\/transparencia.camaracolombo.pr.gov.br\/index.php\/wp-json\/wp\/v2\/users\/2"}],"replies":[{"embeddable":true,"href":"https:\/\/transparencia.camaracolombo.pr.gov.br\/index.php\/wp-json\/wp\/v2\/comments?post=54927"}],"version-history":[{"count":1,"href":"https:\/\/transparencia.camaracolombo.pr.gov.br\/index.php\/wp-json\/wp\/v2\/posts\/54927\/revisions"}],"predecessor-version":[{"id":54930,"href":"https:\/\/transparencia.camaracolombo.pr.gov.br\/index.php\/wp-json\/wp\/v2\/posts\/54927\/revisions\/54930"}],"wp:featuredmedia":[{"embeddable":true,"href":"https:\/\/transparencia.camaracolombo.pr.gov.br\/index.php\/wp-json\/wp\/v2\/media\/54929"}],"wp:attachment":[{"href":"https:\/\/transparencia.camaracolombo.pr.gov.br\/index.php\/wp-json\/wp\/v2\/media?parent=54927"}],"wp:term":[{"taxonomy":"category","embeddable":true,"href":"https:\/\/transparencia.camaracolombo.pr.gov.br\/index.php\/wp-json\/wp\/v2\/categories?post=54927"},{"taxonomy":"post_tag","embeddable":true,"href":"https:\/\/transparencia.camaracolombo.pr.gov.br\/index.php\/wp-json\/wp\/v2\/tags?post=54927"}],"curies":[{"name":"wp","href":"https:\/\/api.w.org\/{rel}","templated":true}]}}