


{"id":54931,"date":"2026-08-31T12:27:27","date_gmt":"2026-08-31T15:27:27","guid":{"rendered":"https:\/\/transparencia.camaracolombo.pr.gov.br\/?p=54931"},"modified":"2026-08-31T12:28:11","modified_gmt":"2026-08-31T15:28:11","slug":"ccj-e-financas-analisam-um-projeto-do-poder-executivo","status":"publish","type":"post","link":"https:\/\/transparencia.camaracolombo.pr.gov.br\/index.php\/2026\/08\/31\/ccj-e-financas-analisam-um-projeto-do-poder-executivo\/","title":{"rendered":"CCJ e Finan\u00e7as analisam um projeto do Poder Executivo"},"content":{"rendered":"\n<p class=\"wp-block-paragraph\"><strong><em>Contrata\u00e7\u00e3o por tempo determinado \u00e9 o tema do projeto.<\/em><\/strong><\/p>\n\n\n\n<figure class=\"wp-block-image size-full\"><img loading=\"lazy\" decoding=\"async\" width=\"425\" height=\"319\" src=\"https:\/\/transparencia.camaracolombo.pr.gov.br\/wp-content\/uploads\/2026\/08\/IMG_2503.bmp\" alt=\"\" class=\"wp-image-54933\" \/><\/figure>\n\n\n\n<p class=\"wp-block-paragraph\">Na manh\u00e3 desta segunda-feira (31), os membros das comiss\u00f5es de Constitui\u00e7\u00e3o e Justi\u00e7a (CCJ) e Economia, Finan\u00e7as e Or\u00e7amento se reuniram para deliberarem uma pauta de uma proposi\u00e7\u00e3o proveniente do Poder Executivo.<\/p>\n\n\n\n<p class=\"wp-block-paragraph\">A reuni\u00e3o foi conduzida pelo vereador Z\u00e9 Arcie (PL) e contou com as presen\u00e7as dos vereadores Bruno Dias (PSB), Ratinho Gotardo (PSD), Maicon Martins (PP), Anderson Prego (PT), Pastor H\u00e9lio Feitosa (PL), Ademar Costa (Uni\u00e3o), Pastor Abelardo Gomes (PSD), Ney Marcelino (Podemos) e Professor Roger (PSD). <\/p>\n\n\n\n<p class=\"wp-block-paragraph\">Foi aprovado o Projeto de Lei do Executivo n\u00ba 32\/2026 que disp\u00f5e sobre a contrata\u00e7\u00e3o por tempo determinado para atender \u00e0 necessidade tempor\u00e1ria de excepcional interesse p\u00fablico no \u00e2mbito do Munic\u00edpio de Colombo, revoga a Lei Municipal n\u00ba 1.244, de 21 de dezembro de 2011, e d\u00e1 outras provid\u00eancias.<\/p>\n","protected":false},"excerpt":{"rendered":"<p>Contrata\u00e7\u00e3o por tempo determinado \u00e9 o tema do projeto. Na manh\u00e3 desta segunda-feira (31), os [&#8230;]<\/p>\n","protected":false},"author":2,"featured_media":54932,"comment_status":"closed","ping_status":"closed","sticky":false,"template":"","format":"standard","meta":{"footnotes":""},"categories":[1],"tags":[],"class_list":["post-54931","post","type-post","status-publish","format-standard","has-post-thumbnail","hentry","category-noticias"],"_links":{"self":[{"href":"https:\/\/transparencia.camaracolombo.pr.gov.br\/index.php\/wp-json\/wp\/v2\/posts\/54931","targetHints":{"allow":["GET"]}}],"collection":[{"href":"https:\/\/transparencia.camaracolombo.pr.gov.br\/index.php\/wp-json\/wp\/v2\/posts"}],"about":[{"href":"https:\/\/transparencia.camaracolombo.pr.gov.br\/index.php\/wp-json\/wp\/v2\/types\/post"}],"author":[{"embeddable":true,"href":"https:\/\/transparencia.camaracolombo.pr.gov.br\/index.php\/wp-json\/wp\/v2\/users\/2"}],"replies":[{"embeddable":true,"href":"https:\/\/transparencia.camaracolombo.pr.gov.br\/index.php\/wp-json\/wp\/v2\/comments?post=54931"}],"version-history":[{"count":2,"href":"https:\/\/transparencia.camaracolombo.pr.gov.br\/index.php\/wp-json\/wp\/v2\/posts\/54931\/revisions"}],"predecessor-version":[{"id":54935,"href":"https:\/\/transparencia.camaracolombo.pr.gov.br\/index.php\/wp-json\/wp\/v2\/posts\/54931\/revisions\/54935"}],"wp:featuredmedia":[{"embeddable":true,"href":"https:\/\/transparencia.camaracolombo.pr.gov.br\/index.php\/wp-json\/wp\/v2\/media\/54932"}],"wp:attachment":[{"href":"https:\/\/transparencia.camaracolombo.pr.gov.br\/index.php\/wp-json\/wp\/v2\/media?parent=54931"}],"wp:term":[{"taxonomy":"category","embeddable":true,"href":"https:\/\/transparencia.camaracolombo.pr.gov.br\/index.php\/wp-json\/wp\/v2\/categories?post=54931"},{"taxonomy":"post_tag","embeddable":true,"href":"https:\/\/transparencia.camaracolombo.pr.gov.br\/index.php\/wp-json\/wp\/v2\/tags?post=54931"}],"curies":[{"name":"wp","href":"https:\/\/api.w.org\/{rel}","templated":true}]}}