


{"id":54936,"date":"2026-08-31T12:51:16","date_gmt":"2026-08-31T15:51:16","guid":{"rendered":"https:\/\/transparencia.camaracolombo.pr.gov.br\/?p=54936"},"modified":"2026-08-31T12:51:16","modified_gmt":"2026-08-31T15:51:16","slug":"projeto-sobre-festas-oficiais-integrantes-do-calendario-oficial-do-municipio-e-aprovado-pelos-colegiados","status":"publish","type":"post","link":"https:\/\/transparencia.camaracolombo.pr.gov.br\/index.php\/2026\/08\/31\/projeto-sobre-festas-oficiais-integrantes-do-calendario-oficial-do-municipio-e-aprovado-pelos-colegiados\/","title":{"rendered":"Projeto sobre Festas Oficiais Integrantes do Calend\u00e1rio Oficial do Munic\u00edpio \u00e9 aprovado pelos colegiados"},"content":{"rendered":"\n<p class=\"wp-block-paragraph\"><strong><em>Proposta \u00e9 proveniente do Poder Executivo Municipal.<\/em><\/strong><\/p>\n\n\n\n<figure class=\"wp-block-image size-full\"><img loading=\"lazy\" decoding=\"async\" width=\"425\" height=\"319\" src=\"https:\/\/transparencia.camaracolombo.pr.gov.br\/wp-content\/uploads\/2026\/08\/IMG_2505.bmp\" alt=\"\" class=\"wp-image-54938\" \/><\/figure>\n\n\n\n<p class=\"wp-block-paragraph\">Na manh\u00e3 desta segunda-feira (31), os membros das Comiss\u00f5es de Constitui\u00e7\u00e3o e Justi\u00e7a (CCJ) e de Educa\u00e7\u00e3o, Sa\u00fade e Bem-Estar Social se reuniram para deliberar uma pauta de uma proposi\u00e7\u00e3o proveniente do Poder Executivo.<\/p>\n\n\n\n<p class=\"wp-block-paragraph\">O vereador Z\u00e9 Arcie (PL) presidiu a reuni\u00e3o do colegiado. Estiveram presentes os vereadores Maicon Martins (PP),  Pastor H\u00e9lio Feitosa (PL), Bruno Dias (PSB), (PSD), Anderson Prego (PT), Ademar Costa (Uni\u00e3o), Pastor Abelardo Gomes (PSD), Ney Marcelino (Podemos) e Professor Roger (Podemos)<\/p>\n\n\n\n<p class=\"wp-block-paragraph\">O vereador Maicon Martins (PP) exarou parecer favor\u00e1vel para a tramita\u00e7\u00e3o do Projeto de Lei do Executivo n\u00ba 30\/2026 que institui Festas Oficiais Integrantes do Calend\u00e1rio Oficial do munic\u00edpio de Colombo e d\u00e1 outras provid\u00eancias. A proposta foi aprovada por unanimidade de votos. <\/p>\n","protected":false},"excerpt":{"rendered":"<p>Proposta \u00e9 proveniente do Poder Executivo Municipal. Na manh\u00e3 desta segunda-feira (31), os membros das [&#8230;]<\/p>\n","protected":false},"author":2,"featured_media":54937,"comment_status":"closed","ping_status":"closed","sticky":false,"template":"","format":"standard","meta":{"footnotes":""},"categories":[1],"tags":[],"class_list":["post-54936","post","type-post","status-publish","format-standard","has-post-thumbnail","hentry","category-noticias"],"_links":{"self":[{"href":"https:\/\/transparencia.camaracolombo.pr.gov.br\/index.php\/wp-json\/wp\/v2\/posts\/54936","targetHints":{"allow":["GET"]}}],"collection":[{"href":"https:\/\/transparencia.camaracolombo.pr.gov.br\/index.php\/wp-json\/wp\/v2\/posts"}],"about":[{"href":"https:\/\/transparencia.camaracolombo.pr.gov.br\/index.php\/wp-json\/wp\/v2\/types\/post"}],"author":[{"embeddable":true,"href":"https:\/\/transparencia.camaracolombo.pr.gov.br\/index.php\/wp-json\/wp\/v2\/users\/2"}],"replies":[{"embeddable":true,"href":"https:\/\/transparencia.camaracolombo.pr.gov.br\/index.php\/wp-json\/wp\/v2\/comments?post=54936"}],"version-history":[{"count":1,"href":"https:\/\/transparencia.camaracolombo.pr.gov.br\/index.php\/wp-json\/wp\/v2\/posts\/54936\/revisions"}],"predecessor-version":[{"id":54939,"href":"https:\/\/transparencia.camaracolombo.pr.gov.br\/index.php\/wp-json\/wp\/v2\/posts\/54936\/revisions\/54939"}],"wp:featuredmedia":[{"embeddable":true,"href":"https:\/\/transparencia.camaracolombo.pr.gov.br\/index.php\/wp-json\/wp\/v2\/media\/54937"}],"wp:attachment":[{"href":"https:\/\/transparencia.camaracolombo.pr.gov.br\/index.php\/wp-json\/wp\/v2\/media?parent=54936"}],"wp:term":[{"taxonomy":"category","embeddable":true,"href":"https:\/\/transparencia.camaracolombo.pr.gov.br\/index.php\/wp-json\/wp\/v2\/categories?post=54936"},{"taxonomy":"post_tag","embeddable":true,"href":"https:\/\/transparencia.camaracolombo.pr.gov.br\/index.php\/wp-json\/wp\/v2\/tags?post=54936"}],"curies":[{"name":"wp","href":"https:\/\/api.w.org\/{rel}","templated":true}]}}