


{"id":54940,"date":"2026-08-31T13:13:39","date_gmt":"2026-08-31T16:13:39","guid":{"rendered":"https:\/\/transparencia.camaracolombo.pr.gov.br\/?p=54940"},"modified":"2026-08-31T13:13:39","modified_gmt":"2026-08-31T16:13:39","slug":"conselho-municipal-de-assistencia-social-e-aprovado-pelos-colegiados","status":"publish","type":"post","link":"https:\/\/transparencia.camaracolombo.pr.gov.br\/index.php\/2026\/08\/31\/conselho-municipal-de-assistencia-social-e-aprovado-pelos-colegiados\/","title":{"rendered":"Conselho Municipal de Assist\u00eancia Social \u00e9 aprovado pelos colegiados"},"content":{"rendered":"\n<p class=\"wp-block-paragraph\"><em><strong>Proposta \u00e9 proveniente do Poder Executivo Municipal.<\/strong><\/em><\/p>\n\n\n\n<figure class=\"wp-block-image size-full\"><img loading=\"lazy\" decoding=\"async\" width=\"425\" height=\"319\" src=\"https:\/\/transparencia.camaracolombo.pr.gov.br\/wp-content\/uploads\/2026\/08\/IMG_2507.bmp\" alt=\"\" class=\"wp-image-54942\" \/><\/figure>\n\n\n\n<p class=\"wp-block-paragraph\">Na manh\u00e3 desta segunda-feira (31), os membros das comiss\u00f5es de Constitui\u00e7\u00e3o e Justi\u00e7a (CCJ), Economia, Finan\u00e7as e Or\u00e7amento, Educa\u00e7\u00e3o, Sa\u00fade e Bem-Estar Social; Urbanismo, Obras e Servi\u00e7os P\u00fablicos e Transportes e Defesa do Cidad\u00e3o e Seguran\u00e7a P\u00fablica se reuniram para deliberar uma pauta de uma proposi\u00e7\u00e3o proveniente do Poder Executivo.<\/p>\n\n\n\n<p class=\"wp-block-paragraph\">Por unanimidade, foi aprovado o Projeto de Lei do Executivo n\u00ba 19\/2026 que disp\u00f5e sobre o Conselho Municipal de Assist\u00eancia Social, o Fundo Municipal de Assist\u00eancia Social no \u00e2mbito do Munic\u00edpio de Colombo, e d\u00e1 outras provid\u00eancias. O projeto est\u00e1 apto para ser votado na pr\u00f3xima sess\u00e3o ordin\u00e1ria (1). <\/p>\n","protected":false},"excerpt":{"rendered":"<p>Proposta \u00e9 proveniente do Poder Executivo Municipal. Na manh\u00e3 desta segunda-feira (31), os membros das [&#8230;]<\/p>\n","protected":false},"author":2,"featured_media":54941,"comment_status":"closed","ping_status":"closed","sticky":false,"template":"","format":"standard","meta":{"footnotes":""},"categories":[1],"tags":[],"class_list":["post-54940","post","type-post","status-publish","format-standard","has-post-thumbnail","hentry","category-noticias"],"_links":{"self":[{"href":"https:\/\/transparencia.camaracolombo.pr.gov.br\/index.php\/wp-json\/wp\/v2\/posts\/54940","targetHints":{"allow":["GET"]}}],"collection":[{"href":"https:\/\/transparencia.camaracolombo.pr.gov.br\/index.php\/wp-json\/wp\/v2\/posts"}],"about":[{"href":"https:\/\/transparencia.camaracolombo.pr.gov.br\/index.php\/wp-json\/wp\/v2\/types\/post"}],"author":[{"embeddable":true,"href":"https:\/\/transparencia.camaracolombo.pr.gov.br\/index.php\/wp-json\/wp\/v2\/users\/2"}],"replies":[{"embeddable":true,"href":"https:\/\/transparencia.camaracolombo.pr.gov.br\/index.php\/wp-json\/wp\/v2\/comments?post=54940"}],"version-history":[{"count":1,"href":"https:\/\/transparencia.camaracolombo.pr.gov.br\/index.php\/wp-json\/wp\/v2\/posts\/54940\/revisions"}],"predecessor-version":[{"id":54943,"href":"https:\/\/transparencia.camaracolombo.pr.gov.br\/index.php\/wp-json\/wp\/v2\/posts\/54940\/revisions\/54943"}],"wp:featuredmedia":[{"embeddable":true,"href":"https:\/\/transparencia.camaracolombo.pr.gov.br\/index.php\/wp-json\/wp\/v2\/media\/54941"}],"wp:attachment":[{"href":"https:\/\/transparencia.camaracolombo.pr.gov.br\/index.php\/wp-json\/wp\/v2\/media?parent=54940"}],"wp:term":[{"taxonomy":"category","embeddable":true,"href":"https:\/\/transparencia.camaracolombo.pr.gov.br\/index.php\/wp-json\/wp\/v2\/categories?post=54940"},{"taxonomy":"post_tag","embeddable":true,"href":"https:\/\/transparencia.camaracolombo.pr.gov.br\/index.php\/wp-json\/wp\/v2\/tags?post=54940"}],"curies":[{"name":"wp","href":"https:\/\/api.w.org\/{rel}","templated":true}]}}