


{"id":54958,"date":"2026-09-03T13:20:00","date_gmt":"2026-09-03T16:20:00","guid":{"rendered":"https:\/\/transparencia.camaracolombo.pr.gov.br\/?p=54958"},"modified":"2026-09-02T13:34:56","modified_gmt":"2026-09-02T16:34:56","slug":"implantacao-de-bicicletarios-em-ubss-de-colombo-e-proposta-na-camara-municipal","status":"publish","type":"post","link":"https:\/\/transparencia.camaracolombo.pr.gov.br\/index.php\/2026\/09\/03\/implantacao-de-bicicletarios-em-ubss-de-colombo-e-proposta-na-camara-municipal\/","title":{"rendered":"Implanta\u00e7\u00e3o de biciclet\u00e1rios em UBSs de Colombo \u00e9 proposta na C\u00e2mara Municipal"},"content":{"rendered":"\n<p class=\"wp-block-paragraph\"><em>Iniciativa prev\u00ea instala\u00e7\u00e3o de estruturas cobertas para incentivar a mobilidade sustent\u00e1vel.<\/em><\/p>\n\n\n\n<figure class=\"wp-block-image size-full\"><img loading=\"lazy\" decoding=\"async\" width=\"1600\" height=\"1066\" src=\"https:\/\/transparencia.camaracolombo.pr.gov.br\/wp-content\/uploads\/2026\/09\/WhatsApp-Image-2026-09-01-at-18.48.46.jpeg\" alt=\"\" class=\"wp-image-54961\" \/><figcaption class=\"wp-element-caption\">(Foto: Silmara Portes\/CMC)<\/figcaption><\/figure>\n\n\n\n<p class=\"wp-block-paragraph\">O vereador <strong>Joel Bueno (PSD)<\/strong> protocolou na C\u00e2mara Municipal a Indica\u00e7\u00e3o n\u00ba 783\/2026, encaminhada \u00e0 Secretaria Municipal de Sa\u00fade. O documento solicita formalmente a realiza\u00e7\u00e3o de estudos t\u00e9cnicos e a ado\u00e7\u00e3o de provid\u00eancias para a instala\u00e7\u00e3o de biciclet\u00e1rios em todas as Unidades B\u00e1sicas de Sa\u00fade (UBS) distribu\u00eddas pelos bairros e pela sede do munic\u00edpio.<\/p>\n\n\n\n<p class=\"wp-block-paragraph\">A proposta busca estruturar o atendimento ao cidad\u00e3o e oferecer uma alternativa segura de transporte para pacientes, acompanhantes e profissionais da sa\u00fade que utilizam a bicicleta no dia a dia.<\/p>\n\n\n\n<h3 class=\"wp-block-heading\"><strong>Cobertura em 25 unidades de sa\u00fade do munic\u00edpio<\/strong><\/h3>\n\n\n\n<p class=\"wp-block-paragraph\">A indica\u00e7\u00e3o estabelece um plano abrangente que contempla a totalidade das unidades de atendimento prim\u00e1rio de Colombo:<\/p>\n\n\n\n<p class=\"wp-block-paragraph\"><strong>Locais beneficiados:<\/strong> Unidades Alexandre Nadolny, Atuba, Bacaetava, Belo Rinc\u00e3o, CAIC, Capivari, Cesar Augusto, Elis Regina Sbrissia Mendes, Guaraituba, Jardim Cristina, Jardim das Gra\u00e7as, Liberdade, Maracan\u00e3, Mau\u00e1, Moinho Velho, Monte Castelo, Nossa Senhora de F\u00e1tima, Osasco, Quitandinha, Santa Tereza, S\u00e3o Dimas, S\u00e3o Domingos, S\u00e3o Gabriel, S\u00e3o Jos\u00e9 e Sede.<\/p>\n\n\n\n<h3 class=\"wp-block-heading\"><strong>Crit\u00e9rios de instala\u00e7\u00e3o, seguran\u00e7a e prote\u00e7\u00e3o<\/strong><\/h3>\n\n\n\n<p class=\"wp-block-paragraph\">O texto da indica\u00e7\u00e3o orienta par\u00e2metros claros para a montagem dos equipamentos, garantindo praticidade e funcionalidade:<\/p>\n\n\n\n<p class=\"wp-block-paragraph\"><strong>Localiza\u00e7\u00e3o estrat\u00e9gica:<\/strong> As estruturas dever\u00e3o ser fixadas em pontos acess\u00edveis e vis\u00edveis, preferencialmente pr\u00f3ximos \u00e0s entradas principais, sem criar obst\u00e1culos \u00e0 circula\u00e7\u00e3o de pedestres ou comprometer as rotas de acessibilidade;<\/p>\n\n\n\n<p class=\"wp-block-paragraph\"><strong>Prote\u00e7\u00e3o contra intemp\u00e9ries:<\/strong> Sempre que houver viabilidade t\u00e9cnica e espa\u00e7o dispon\u00edvel, os biciclet\u00e1rios dever\u00e3o contar com cobertura contra sol e chuva, preservando os ve\u00edculos dos usu\u00e1rios;<\/p>\n\n\n\n<p class=\"wp-block-paragraph\"><strong>Preven\u00e7\u00e3o contra furtos:<\/strong> A cria\u00e7\u00e3o de espa\u00e7os adequados evita que bicicletas sejam acorrentadas em grades, postes ou \u00e1rvores de forma improvisada, reduzindo o risco de danos e furtos durante consultas, exames, vacina\u00e7\u00f5es e retiradas de medicamentos.<\/p>\n\n\n\n<h3 class=\"wp-block-heading\"><strong>Incentivo \u00e0 sa\u00fade e \u00e0 mobilidade sustent\u00e1vel<\/strong><\/h3>\n\n\n\n<p class=\"wp-block-paragraph\">Al\u00e9m de organizar a infraestrutura das unidades de sa\u00fade, a proposta do parlamentar destaca o impacto positivo na qualidade de vida da popula\u00e7\u00e3o. O est\u00edmulo ao uso da bicicleta como meio de transporte di\u00e1rio contribui para a redu\u00e7\u00e3o do tr\u00e1fego de ve\u00edculos automotores, auxilia na diminui\u00e7\u00e3o da emiss\u00e3o de poluentes e incentiva a pr\u00e1tica regular de exerc\u00edcios f\u00edsicos, atuando de forma direta na preven\u00e7\u00e3o de doen\u00e7as vasculares e metab\u00f3licas.<\/p>\n","protected":false},"excerpt":{"rendered":"<p>Iniciativa prev\u00ea instala\u00e7\u00e3o de estruturas cobertas para incentivar a mobilidade sustent\u00e1vel. O vereador Joel Bueno [&#8230;]<\/p>\n","protected":false},"author":4,"featured_media":54968,"comment_status":"closed","ping_status":"closed","sticky":false,"template":"","format":"standard","meta":{"footnotes":""},"categories":[1],"tags":[],"class_list":["post-54958","post","type-post","status-publish","format-standard","has-post-thumbnail","hentry","category-noticias"],"_links":{"self":[{"href":"https:\/\/transparencia.camaracolombo.pr.gov.br\/index.php\/wp-json\/wp\/v2\/posts\/54958","targetHints":{"allow":["GET"]}}],"collection":[{"href":"https:\/\/transparencia.camaracolombo.pr.gov.br\/index.php\/wp-json\/wp\/v2\/posts"}],"about":[{"href":"https:\/\/transparencia.camaracolombo.pr.gov.br\/index.php\/wp-json\/wp\/v2\/types\/post"}],"author":[{"embeddable":true,"href":"https:\/\/transparencia.camaracolombo.pr.gov.br\/index.php\/wp-json\/wp\/v2\/users\/4"}],"replies":[{"embeddable":true,"href":"https:\/\/transparencia.camaracolombo.pr.gov.br\/index.php\/wp-json\/wp\/v2\/comments?post=54958"}],"version-history":[{"count":2,"href":"https:\/\/transparencia.camaracolombo.pr.gov.br\/index.php\/wp-json\/wp\/v2\/posts\/54958\/revisions"}],"predecessor-version":[{"id":54967,"href":"https:\/\/transparencia.camaracolombo.pr.gov.br\/index.php\/wp-json\/wp\/v2\/posts\/54958\/revisions\/54967"}],"wp:featuredmedia":[{"embeddable":true,"href":"https:\/\/transparencia.camaracolombo.pr.gov.br\/index.php\/wp-json\/wp\/v2\/media\/54968"}],"wp:attachment":[{"href":"https:\/\/transparencia.camaracolombo.pr.gov.br\/index.php\/wp-json\/wp\/v2\/media?parent=54958"}],"wp:term":[{"taxonomy":"category","embeddable":true,"href":"https:\/\/transparencia.camaracolombo.pr.gov.br\/index.php\/wp-json\/wp\/v2\/categories?post=54958"},{"taxonomy":"post_tag","embeddable":true,"href":"https:\/\/transparencia.camaracolombo.pr.gov.br\/index.php\/wp-json\/wp\/v2\/tags?post=54958"}],"curies":[{"name":"wp","href":"https:\/\/api.w.org\/{rel}","templated":true}]}}