


{"id":54969,"date":"2026-09-02T13:54:49","date_gmt":"2026-09-02T16:54:49","guid":{"rendered":"https:\/\/transparencia.camaracolombo.pr.gov.br\/?p=54969"},"modified":"2026-09-02T13:55:15","modified_gmt":"2026-09-02T16:55:15","slug":"programa-horta-no-quintal-e-proposto-para-incentivar-a-agricultura-urbana","status":"publish","type":"post","link":"https:\/\/transparencia.camaracolombo.pr.gov.br\/index.php\/2026\/09\/02\/programa-horta-no-quintal-e-proposto-para-incentivar-a-agricultura-urbana\/","title":{"rendered":"Programa &#8220;Horta no Quintal&#8221; \u00e9 proposto para incentivar a agricultura urbana e a seguran\u00e7a alimentar"},"content":{"rendered":"\n<p class=\"wp-block-paragraph\"><em>Iniciativa prev\u00ea apoio t\u00e9cnico, doa\u00e7\u00e3o de mudas e foco em fam\u00edlias de vulnerabilidade social.<\/em><\/p>\n\n\n\n<figure class=\"wp-block-image size-full\"><img loading=\"lazy\" decoding=\"async\" width=\"1600\" height=\"1066\" src=\"https:\/\/transparencia.camaracolombo.pr.gov.br\/wp-content\/uploads\/2026\/09\/WhatsApp-Image-2026-09-01-at-18.49.38.jpeg\" alt=\"\" class=\"wp-image-54965\" \/><figcaption class=\"wp-element-caption\">(Foto: Silmara Portes\/CMC)<\/figcaption><\/figure>\n\n\n\n<p class=\"wp-block-paragraph\">O vereador <strong>Ney Marcelino (Podemos)<\/strong> protocolou na C\u00e2mara Municipal a <strong>Indica\u00e7\u00e3o n\u00ba 784\/2026<\/strong>, direcionada \u00e0 Secretaria Municipal de Agricultura, Abastecimento e Agroneg\u00f3cio. O documento solicita a realiza\u00e7\u00e3o de estudos de viabilidade t\u00e9cnica e financeira para a cria\u00e7\u00e3o e implanta\u00e7\u00e3o do Programa &#8220;Horta no Quintal de Colombo&#8221;, voltado ao fomento da agricultura urbana e \u00e0 garantia da seguran\u00e7a alimentar e nutricional nas comunidades.<\/p>\n\n\n\n<p class=\"wp-block-paragraph\">A proposta busca transformar espa\u00e7os ociosos em fontes geradoras de alimentos frescos, incentivando h\u00e1bitos saud\u00e1veis e auxiliando na redu\u00e7\u00e3o das despesas dom\u00e9sticas das fam\u00edlias colombenses.<\/p>\n\n\n\n<h3 class=\"wp-block-heading\"><strong>Cultivo residencial, apoio t\u00e9cnico e insumos gratuitos<\/strong><\/h3>\n\n\n\n<p class=\"wp-block-paragraph\">A indica\u00e7\u00e3o prop\u00f5e uma estrutura completa de apoio ao morador interessado em produzir seus pr\u00f3prios alimentos, abrangendo desde pequenos quintais at\u00e9 \u00e1reas comunit\u00e1rias:<\/p>\n\n\n\n<p class=\"wp-block-paragraph\"><strong>Variedade de cultivos:<\/strong> Incentivo ao plantio de hortali\u00e7as, temperos, verduras, plantas medicinais e hortali\u00e7as n\u00e3o convencionais (PANCs) em terrenos residenciais, quintais e pequenos lotes urbanos;<\/p>\n\n\n\n<p class=\"wp-block-paragraph\"><strong>Fornecimento de insumos:<\/strong> Cadastro de moradores e distribui\u00e7\u00e3o gratuita de mudas, sementes de qualidade e adubo org\u00e2nico para o in\u00edcio das lavouras dom\u00e9sticas;<\/p>\n\n\n\n<p class=\"wp-block-paragraph\"><strong>Capacita\u00e7\u00e3o e sustentabilidade:<\/strong> Oferta de orienta\u00e7\u00f5es pr\u00e1ticas sobre preparo e manejo do solo, t\u00e9cnicas de plantio, combate natural a pragas, compostagem de res\u00edduos org\u00e2nicos e ado\u00e7\u00e3o de pr\u00e1ticas agroecol\u00f3gicas.<\/p>\n\n\n\n<h3 class=\"wp-block-heading\"><strong>Inclus\u00e3o social e hortas comunit\u00e1rias em escolas<\/strong><\/h3>\n\n\n\n<p class=\"wp-block-paragraph\">O projeto estabelece um recorte social importante para garantir que o aux\u00edlio chegue prioritariamente a quem mais precisa de apoio nutricional e financeiro:<\/p>\n\n\n\n<p class=\"wp-block-paragraph\"><strong>Foco na vulnerabilidade:<\/strong> Atendimento priorit\u00e1rio a fam\u00edlias cadastradas no Cad\u00danico e acompanhadas pelos Centros de Refer\u00eancia de Assist\u00eancia Social (CRAS);<\/p>\n\n\n\n<p class=\"wp-block-paragraph\"><strong>Hortas coletivas:<\/strong> Expans\u00e3o da iniciativa para escolas municipais, Centros Municipais de Educa\u00e7\u00e3o Infantil (CMEIs), espa\u00e7os p\u00fablicos, associa\u00e7\u00f5es de moradores e entidades assistenciais, promovendo a educa\u00e7\u00e3o ambiental de crian\u00e7as e jovens;<\/p>\n\n\n\n<p class=\"wp-block-paragraph\"><strong>Pol\u00edtica p\u00fablica cont\u00ednua:<\/strong> A proposta enfatiza que o programa deve ir al\u00e9m da simples distribui\u00e7\u00e3o de sementes, oferecendo acompanhamento t\u00e9cnico peri\u00f3dico para que as hortas se mantenham produtivas de forma aut\u00f4noma e duradoura.<\/p>\n\n\n\n<h3 class=\"wp-block-heading\"><strong>Autonomia financeira, sa\u00fade e integra\u00e7\u00e3o comunit\u00e1ria<\/strong><\/h3>\n\n\n\n<p class=\"wp-block-paragraph\">Em sua justificativa, o parlamentar ressalta que o programa traz m\u00faltiplos benef\u00edcios sociais e ambientais. Al\u00e9m de proporcionar economia direta no or\u00e7amento familiar diante do custo dos alimentos, a produ\u00e7\u00e3o pr\u00f3pria estimula a alimenta\u00e7\u00e3o saud\u00e1vel, evita o uso de agrot\u00f3xicos e promove o aproveitamento consciente de res\u00edduos org\u00e2nicos por meio da compostagem. A medida tamb\u00e9m fortalece o esp\u00edrito comunit\u00e1rio por meio da troca de saberes, mudas e do excedente de produ\u00e7\u00e3o entre vizinhos.<\/p>\n","protected":false},"excerpt":{"rendered":"<p>Iniciativa prev\u00ea apoio t\u00e9cnico, doa\u00e7\u00e3o de mudas e foco em fam\u00edlias de vulnerabilidade social. O [&#8230;]<\/p>\n","protected":false},"author":4,"featured_media":54973,"comment_status":"closed","ping_status":"closed","sticky":false,"template":"","format":"standard","meta":{"footnotes":""},"categories":[1],"tags":[],"class_list":["post-54969","post","type-post","status-publish","format-standard","has-post-thumbnail","hentry","category-noticias"],"_links":{"self":[{"href":"https:\/\/transparencia.camaracolombo.pr.gov.br\/index.php\/wp-json\/wp\/v2\/posts\/54969","targetHints":{"allow":["GET"]}}],"collection":[{"href":"https:\/\/transparencia.camaracolombo.pr.gov.br\/index.php\/wp-json\/wp\/v2\/posts"}],"about":[{"href":"https:\/\/transparencia.camaracolombo.pr.gov.br\/index.php\/wp-json\/wp\/v2\/types\/post"}],"author":[{"embeddable":true,"href":"https:\/\/transparencia.camaracolombo.pr.gov.br\/index.php\/wp-json\/wp\/v2\/users\/4"}],"replies":[{"embeddable":true,"href":"https:\/\/transparencia.camaracolombo.pr.gov.br\/index.php\/wp-json\/wp\/v2\/comments?post=54969"}],"version-history":[{"count":5,"href":"https:\/\/transparencia.camaracolombo.pr.gov.br\/index.php\/wp-json\/wp\/v2\/posts\/54969\/revisions"}],"predecessor-version":[{"id":54975,"href":"https:\/\/transparencia.camaracolombo.pr.gov.br\/index.php\/wp-json\/wp\/v2\/posts\/54969\/revisions\/54975"}],"wp:featuredmedia":[{"embeddable":true,"href":"https:\/\/transparencia.camaracolombo.pr.gov.br\/index.php\/wp-json\/wp\/v2\/media\/54973"}],"wp:attachment":[{"href":"https:\/\/transparencia.camaracolombo.pr.gov.br\/index.php\/wp-json\/wp\/v2\/media?parent=54969"}],"wp:term":[{"taxonomy":"category","embeddable":true,"href":"https:\/\/transparencia.camaracolombo.pr.gov.br\/index.php\/wp-json\/wp\/v2\/categories?post=54969"},{"taxonomy":"post_tag","embeddable":true,"href":"https:\/\/transparencia.camaracolombo.pr.gov.br\/index.php\/wp-json\/wp\/v2\/tags?post=54969"}],"curies":[{"name":"wp","href":"https:\/\/api.w.org\/{rel}","templated":true}]}}