


{"id":54976,"date":"2026-09-02T16:10:00","date_gmt":"2026-09-02T19:10:00","guid":{"rendered":"https:\/\/transparencia.camaracolombo.pr.gov.br\/?p=54976"},"modified":"2026-09-02T14:43:44","modified_gmt":"2026-09-02T17:43:44","slug":"escola-jardim-guaruja-pode-receber-novos-materiais-para-aulas-de-educacao-fisica","status":"publish","type":"post","link":"https:\/\/transparencia.camaracolombo.pr.gov.br\/index.php\/2026\/09\/02\/escola-jardim-guaruja-pode-receber-novos-materiais-para-aulas-de-educacao-fisica\/","title":{"rendered":"Escola Jardim Guaruj\u00e1 pode receber novos materiais para aulas de Educa\u00e7\u00e3o F\u00edsica"},"content":{"rendered":"\n<p class=\"wp-block-paragraph\"><em>Iniciativa busca suprir d\u00e9ficit de bolas e artigos esportivos para estudantes.<\/em><\/p>\n\n\n\n<figure class=\"wp-block-image size-full\"><img loading=\"lazy\" decoding=\"async\" width=\"1600\" height=\"1066\" src=\"https:\/\/transparencia.camaracolombo.pr.gov.br\/wp-content\/uploads\/2026\/09\/WhatsApp-Image-2026-09-01-at-18.50.29.jpeg\" alt=\"\" class=\"wp-image-54964\" \/><figcaption class=\"wp-element-caption\">(Foto: Silmara Portes\/CMC)<\/figcaption><\/figure>\n\n\n\n<p class=\"wp-block-paragraph\">O vereador <strong>Pastor Abelardo Gomes (PSD)<\/strong> protocolou na C\u00e2mara Municipal a <strong>Indica\u00e7\u00e3o n\u00ba 785\/2026<\/strong>, direcionada \u00e0 Secretaria Municipal de Educa\u00e7\u00e3o. O documento solicita oficialmente a disponibiliza\u00e7\u00e3o de novos materiais e artigos esportivos para suprir as necessidades da Escola Municipal Jardim Guaruj\u00e1, localizada na Rua Josefa Tomacheski, n\u00ba 95.<\/p>\n\n\n\n<p class=\"wp-block-paragraph\">A medida visa atender a uma reivindica\u00e7\u00e3o da comunidade escolar, que busca estruturar as atividades pr\u00e1ticas e garantir que as crian\u00e7as tenham acesso aos equipamentos necess\u00e1rios para o pleno desenvolvimento das aulas e projetos esportivos.<\/p>\n\n\n\n<h3 class=\"wp-block-heading\"><strong>Refor\u00e7o na infraestrutura pedag\u00f3gica e esportiva<\/strong><\/h3>\n\n\n\n<p class=\"wp-block-paragraph\">A indica\u00e7\u00e3o refor\u00e7a a import\u00e2ncia de suprir com urg\u00eancia a escassez de materiais b\u00e1sicos que vem afetando a rotina de professores e estudantes:<\/p>\n\n\n\n<p class=\"wp-block-paragraph\"><strong>Aparato esportivo priorit\u00e1rio:<\/strong> Solicita\u00e7\u00e3o voltada especialmente para a aquisi\u00e7\u00e3o e entrega de bolas de futsal e voleibol, al\u00e9m de outros itens essenciais para as pr\u00e1ticas corporais;<\/p>\n\n\n\n<p class=\"wp-block-paragraph\"><strong>Supera\u00e7\u00e3o do d\u00e9ficit:<\/strong> A recomposi\u00e7\u00e3o do acervo esportivo visa eliminar as limita\u00e7\u00f5es atuais enfrentadas nas aulas, permitindo que todos os alunos participem simultaneamente das atividades propostas;<\/p>\n\n\n\n<p class=\"wp-block-paragraph\"><strong>Qualifica\u00e7\u00e3o das aulas:<\/strong> Garantia de condi\u00e7\u00f5es adequadas para o cumprimento do curr\u00edculo de Educa\u00e7\u00e3o F\u00edsica e realiza\u00e7\u00e3o de torneios internos e recrea\u00e7\u00f5es no contraturno escolar.<\/p>\n\n\n\n<h3 class=\"wp-block-heading\"><strong>Sa\u00fade, disciplina e desenvolvimento integral dos estudantes<\/strong><\/h3>\n\n\n\n<p class=\"wp-block-paragraph\">Em sua justificativa, o parlamentar ressalta que o esporte no ambiente escolar vai muito al\u00e9m do lazer, atuando como uma ferramenta fundamental no processo de ensino-aprendizagem e forma\u00e7\u00e3o cidad\u00e3:<\/p>\n\n\n\n<p class=\"wp-block-paragraph\"><strong>Sa\u00fade e motor no infanto-juvenil:<\/strong> Estimula a pr\u00e1tica regular de exerc\u00edcios f\u00edsicos, combatendo o sedentarismo e auxiliando no desenvolvimento do equil\u00edbrio, coordena\u00e7\u00e3o motora e resist\u00eancia f\u00edsica;<\/p>\n\n\n\n<p class=\"wp-block-paragraph\"><strong>Valores e socializa\u00e7\u00e3o:<\/strong> A pr\u00e1tica coletiva de modalidades como futsal e v\u00f4lei trabalha diretamente conceitos essenciais para a conviv\u00eancia em sociedade, como trabalho em equipe, coopera\u00e7\u00e3o, disciplina, respeito \u00e0s regras e fair play;<\/p>\n\n\n\n<p class=\"wp-block-paragraph\"><strong>Ambiente escolar acolhedor:<\/strong> O investimento em artigos esportivos torna a escola um espa\u00e7o mais atrativo e integrador, fortalecendo o v\u00ednculo das crian\u00e7as com a institui\u00e7\u00e3o de ensino.<\/p>\n","protected":false},"excerpt":{"rendered":"<p>Iniciativa busca suprir d\u00e9ficit de bolas e artigos esportivos para estudantes. O vereador Pastor Abelardo [&#8230;]<\/p>\n","protected":false},"author":4,"featured_media":54981,"comment_status":"closed","ping_status":"closed","sticky":false,"template":"","format":"standard","meta":{"footnotes":""},"categories":[1],"tags":[],"class_list":["post-54976","post","type-post","status-publish","format-standard","has-post-thumbnail","hentry","category-noticias"],"_links":{"self":[{"href":"https:\/\/transparencia.camaracolombo.pr.gov.br\/index.php\/wp-json\/wp\/v2\/posts\/54976","targetHints":{"allow":["GET"]}}],"collection":[{"href":"https:\/\/transparencia.camaracolombo.pr.gov.br\/index.php\/wp-json\/wp\/v2\/posts"}],"about":[{"href":"https:\/\/transparencia.camaracolombo.pr.gov.br\/index.php\/wp-json\/wp\/v2\/types\/post"}],"author":[{"embeddable":true,"href":"https:\/\/transparencia.camaracolombo.pr.gov.br\/index.php\/wp-json\/wp\/v2\/users\/4"}],"replies":[{"embeddable":true,"href":"https:\/\/transparencia.camaracolombo.pr.gov.br\/index.php\/wp-json\/wp\/v2\/comments?post=54976"}],"version-history":[{"count":1,"href":"https:\/\/transparencia.camaracolombo.pr.gov.br\/index.php\/wp-json\/wp\/v2\/posts\/54976\/revisions"}],"predecessor-version":[{"id":54982,"href":"https:\/\/transparencia.camaracolombo.pr.gov.br\/index.php\/wp-json\/wp\/v2\/posts\/54976\/revisions\/54982"}],"wp:featuredmedia":[{"embeddable":true,"href":"https:\/\/transparencia.camaracolombo.pr.gov.br\/index.php\/wp-json\/wp\/v2\/media\/54981"}],"wp:attachment":[{"href":"https:\/\/transparencia.camaracolombo.pr.gov.br\/index.php\/wp-json\/wp\/v2\/media?parent=54976"}],"wp:term":[{"taxonomy":"category","embeddable":true,"href":"https:\/\/transparencia.camaracolombo.pr.gov.br\/index.php\/wp-json\/wp\/v2\/categories?post=54976"},{"taxonomy":"post_tag","embeddable":true,"href":"https:\/\/transparencia.camaracolombo.pr.gov.br\/index.php\/wp-json\/wp\/v2\/tags?post=54976"}],"curies":[{"name":"wp","href":"https:\/\/api.w.org\/{rel}","templated":true}]}}