


{"id":54977,"date":"2026-09-02T14:24:40","date_gmt":"2026-09-02T17:24:40","guid":{"rendered":"https:\/\/transparencia.camaracolombo.pr.gov.br\/?p=54977"},"modified":"2026-09-02T14:24:40","modified_gmt":"2026-09-02T17:24:40","slug":"cmc-realiza-28a-sessao-ordinaria","status":"publish","type":"post","link":"https:\/\/transparencia.camaracolombo.pr.gov.br\/index.php\/2026\/09\/02\/cmc-realiza-28a-sessao-ordinaria\/","title":{"rendered":"CMC realiza 28\u00aa sess\u00e3o ordin\u00e1ria"},"content":{"rendered":"\n<p class=\"wp-block-paragraph\"><strong><em>Vereadores apreciaram projetos de lei e encaminharam indica\u00e7\u00f5es ao Poder Executivo Municipal.<\/em><\/strong><\/p>\n\n\n\n<figure class=\"wp-block-image size-full\"><img loading=\"lazy\" decoding=\"async\" width=\"425\" height=\"319\" src=\"https:\/\/transparencia.camaracolombo.pr.gov.br\/wp-content\/uploads\/2026\/09\/foto3.bmp\" alt=\"\" class=\"wp-image-54979\" \/><\/figure>\n\n\n\n<p class=\"wp-block-paragraph\">A sess\u00e3o ordin\u00e1ria da C\u00e2mara Municipal de Colombo, realizada nesta ter\u00e7a-feira (1), foi marcada pela&nbsp;divulga\u00e7\u00e3o e vota\u00e7\u00e3o de importantes propostas e indica\u00e7\u00f5es voltadas a diferentes \u00e1reas da administra\u00e7\u00e3o p\u00fablica municipal.<\/p>\n\n\n\n<p class=\"wp-block-paragraph\">A sess\u00e3o foi conduzida pelo presidente da Casa Legislativa, vereador Joel Bueno (PSD), e contou com a presen\u00e7a de 16 dos 17 parlamentares que comp\u00f5em a 19\u00aa Legislatura (2025 \u2013 2028). A reuni\u00e3o plen\u00e1ria foi transmitida pelos canais oficiais do Legislativo colombense.<\/p>\n\n\n\n<p class=\"wp-block-paragraph\">Foram divulgadas as Emendas Aditiva 1 e Emenda Aditiva e Modificativa 2 ao Projeto de Lei do Executivo n\u00ba 19\/2026 que disp\u00f5e sobre o Conselho Municipal de Assist\u00eancia Social, o Fundo Municipal de Assist\u00eancia Social no \u00e2mbito do munic\u00edpio de Colombo, e d\u00e1 outras provid\u00eancias. A autoria das emendas \u00e9 do vereador Pastor Abelardo Gomes (PSD).<\/p>\n\n\n\n<p class=\"wp-block-paragraph\">Do Poder Executivo, foi divulgado o Projeto de Lei n\u00ba 29\/2026 que disp\u00f5e sobre o C\u00f3digo de Obras e Edifica\u00e7\u00f5es do munic\u00edpio de Colombo e d\u00e1 outras provid\u00eancias.<\/p>\n\n\n\n<p class=\"wp-block-paragraph\">Outra proposta divulgada foi o Projeto de Lei do Executivo n\u00ba 35\/2026 que autoriza o Executivo Municipal a abrir junto ao or\u00e7amento geral do corrente ano, Cr\u00e9dito Adicional Especial no valor de R$ 2.070.966,33 e Cr\u00e9dito Adicional Suplementar no valor de R$ 40.612.415,71.<\/p>\n\n\n\n<p class=\"wp-block-paragraph\">Oriundo do Poder Legislativo, foi recebido o Projeto de Lei n\u00ba 1.201\/2026 que disp\u00f5e sobre a obrigatoriedade de restaurantes, lanchonetes, bares e similares em disponibilizar card\u00e1pios impressos. A mat\u00e9ria \u00e9 de iniciativa do vereador Maicon Martins (PP).<\/p>\n\n\n\n<p class=\"wp-block-paragraph\">Em turno definitivo, foi aprovado o Projeto de Lei do Legislativo n\u00ba 1.198\/2026, proposto por todos os vereadores, que denomina de Dr. Antoninho Barth, a Unidade de Pronto Atendimento do Alto Maracan\u00e3.<\/p>\n\n\n\n<p class=\"wp-block-paragraph\">Em primeira vota\u00e7\u00e3o, foi aprovado o Projeto de Lei do Executivo n\u00ba 30\/2026 que institui Festas Oficiais Integrantes do Calend\u00e1rio Oficial do munic\u00edpio de Colombo e d\u00e1 outras provid\u00eancias.<\/p>\n\n\n\n<p class=\"wp-block-paragraph\">Outra proposi\u00e7\u00e3o aprovada em primeira vota\u00e7\u00e3o, foi o Projeto de Lei do Executivo n\u00ba 32\/2026 que disp\u00f5e sobre a contrata\u00e7\u00e3o por tempo determinado para atender \u00e0 necessidade tempor\u00e1ria de excepcional interesse p\u00fablico no \u00e2mbito do munic\u00edpio de Colombo, revoga a Lei Municipal n\u00ba 1.244, de 21 de dezembro de 2011, e d\u00e1 outras provid\u00eancias.<\/p>\n\n\n\n<p class=\"wp-block-paragraph\">Do Poder Legislativo, foi aprovado, em primeira vota\u00e7\u00e3o, o Projeto de Lei n\u00ba 1197\/2026 que declara de utilidade p\u00fablica o Real Colombo Futebol Clube. A propositura \u00e9 elaborada pelo vereador Z\u00e9 Arcie (PL).<\/p>\n\n\n\n<p class=\"wp-block-paragraph\"><strong>Indica\u00e7\u00f5es<\/strong> \u2013 Foram apresentadas 10 indica\u00e7\u00f5es legislativas com o objetivo de encaminhar demandas comunit\u00e1rias ao Poder Executivo, respons\u00e1vel pela execu\u00e7\u00e3o das obras e servi\u00e7os p\u00fablicos municipais. Assinaram esses documentos os vereadores Joel Bueno (PSD), Ney Marcelino (Podemos), Pastor Abelardo Gomes (PSD), Anderson Prego (PT), Bruno Dias (PSB), Z\u00e9 Arcie (PL) e Ademar Costa (Uni\u00e3o).<\/p>\n\n\n\n<p class=\"wp-block-paragraph\"><strong>Tribuna Livre <\/strong>&#8211; O representante indicado pelo F\u00f3rum das Entidades dos Servidores P\u00fablicos de Colombo (FESPC), Claudinei Duarte de Lima, utilizou esse espa\u00e7o para abordar sobre o Plano de Cargos, Carreiras e Vencimentos (PCCV) e Estatuto dos Servidores.<\/p>\n\n\n\n<p class=\"wp-block-paragraph\"><\/p>\n","protected":false},"excerpt":{"rendered":"<p>Vereadores apreciaram projetos de lei e encaminharam indica\u00e7\u00f5es ao Poder Executivo Municipal. A sess\u00e3o ordin\u00e1ria [&#8230;]<\/p>\n","protected":false},"author":2,"featured_media":54978,"comment_status":"closed","ping_status":"closed","sticky":false,"template":"","format":"standard","meta":{"footnotes":""},"categories":[1],"tags":[],"class_list":["post-54977","post","type-post","status-publish","format-standard","has-post-thumbnail","hentry","category-noticias"],"_links":{"self":[{"href":"https:\/\/transparencia.camaracolombo.pr.gov.br\/index.php\/wp-json\/wp\/v2\/posts\/54977","targetHints":{"allow":["GET"]}}],"collection":[{"href":"https:\/\/transparencia.camaracolombo.pr.gov.br\/index.php\/wp-json\/wp\/v2\/posts"}],"about":[{"href":"https:\/\/transparencia.camaracolombo.pr.gov.br\/index.php\/wp-json\/wp\/v2\/types\/post"}],"author":[{"embeddable":true,"href":"https:\/\/transparencia.camaracolombo.pr.gov.br\/index.php\/wp-json\/wp\/v2\/users\/2"}],"replies":[{"embeddable":true,"href":"https:\/\/transparencia.camaracolombo.pr.gov.br\/index.php\/wp-json\/wp\/v2\/comments?post=54977"}],"version-history":[{"count":1,"href":"https:\/\/transparencia.camaracolombo.pr.gov.br\/index.php\/wp-json\/wp\/v2\/posts\/54977\/revisions"}],"predecessor-version":[{"id":54980,"href":"https:\/\/transparencia.camaracolombo.pr.gov.br\/index.php\/wp-json\/wp\/v2\/posts\/54977\/revisions\/54980"}],"wp:featuredmedia":[{"embeddable":true,"href":"https:\/\/transparencia.camaracolombo.pr.gov.br\/index.php\/wp-json\/wp\/v2\/media\/54978"}],"wp:attachment":[{"href":"https:\/\/transparencia.camaracolombo.pr.gov.br\/index.php\/wp-json\/wp\/v2\/media?parent=54977"}],"wp:term":[{"taxonomy":"category","embeddable":true,"href":"https:\/\/transparencia.camaracolombo.pr.gov.br\/index.php\/wp-json\/wp\/v2\/categories?post=54977"},{"taxonomy":"post_tag","embeddable":true,"href":"https:\/\/transparencia.camaracolombo.pr.gov.br\/index.php\/wp-json\/wp\/v2\/tags?post=54977"}],"curies":[{"name":"wp","href":"https:\/\/api.w.org\/{rel}","templated":true}]}}