


{"id":54988,"date":"2026-09-04T09:27:00","date_gmt":"2026-09-04T12:27:00","guid":{"rendered":"https:\/\/transparencia.camaracolombo.pr.gov.br\/?p=54988"},"modified":"2026-09-02T15:31:48","modified_gmt":"2026-09-02T18:31:48","slug":"rua-julio-mesquita-e-indicada-para-receber-calcamento-e-obras-de-acessibilidade","status":"publish","type":"post","link":"https:\/\/transparencia.camaracolombo.pr.gov.br\/index.php\/2026\/09\/04\/rua-julio-mesquita-e-indicada-para-receber-calcamento-e-obras-de-acessibilidade\/","title":{"rendered":"Rua J\u00falio Mesquita \u00e9 indicada para receber cal\u00e7amento e obras de acessibilidade"},"content":{"rendered":"\n<p class=\"wp-block-paragraph\"><em>Proposta solicita a inclus\u00e3o da via no Programa Caminho Seguro para garantir prote\u00e7\u00e3o aos pedestres.<\/em><\/p>\n\n\n\n<figure class=\"wp-block-image size-full\"><img loading=\"lazy\" decoding=\"async\" width=\"1320\" height=\"879\" src=\"https:\/\/transparencia.camaracolombo.pr.gov.br\/wp-content\/uploads\/2026\/08\/WhatsApp-Image-2026-08-12-at-09.22.25.jpeg\" alt=\"\" class=\"wp-image-54708\" \/><figcaption class=\"wp-element-caption\">(Foto: Larissa Turko\/CMC)<\/figcaption><\/figure>\n\n\n\n<p class=\"wp-block-paragraph\">O vereador <strong>Bruno Dias (PSB)<\/strong> protocolou na C\u00e2mara Municipal a <strong>Indica\u00e7\u00e3o n\u00ba 790\/2026<\/strong>, direcionada \u00e0 Secretaria Municipal de Obras e Via\u00e7\u00e3o. O documento solicita oficialmente a inclus\u00e3o da Rua J\u00falio Mesquita, situada no bairro Guarani, no cronograma de obras e interven\u00e7\u00f5es do Programa Caminho Seguro.<\/p>\n\n\n\n<p class=\"wp-block-paragraph\">A iniciativa do parlamentar busca atender a uma demanda recorrente dos moradores da regi\u00e3o por melhorias na infraestrutura vi\u00e1ria e na circula\u00e7\u00e3o de pedestres.<\/p>\n\n\n\n<h3 class=\"wp-block-heading\"><strong>Reformas, cal\u00e7amento e adequa\u00e7\u00e3o de acessibilidade<\/strong><\/h3>\n\n\n\n<p class=\"wp-block-paragraph\">A proposta prev\u00ea uma s\u00e9rie de interven\u00e7\u00f5es estruturais ao longo da via para qualificar os passeios p\u00fablicos e oferecer melhores condi\u00e7\u00f5es de tr\u00e2nsito a p\u00e9:<\/p>\n\n\n\n<p class=\"wp-block-paragraph\"><strong>Implanta\u00e7\u00e3o de cal\u00e7amento:<\/strong> Execu\u00e7\u00e3o de novos passeios e padroniza\u00e7\u00e3o das cal\u00e7adas para eliminar buracos, irregularidades e trechos de terra;<\/p>\n\n\n\n<p class=\"wp-block-paragraph\"><strong>Acessibilidade universal:<\/strong> Adequa\u00e7\u00e3o dos passeios com rampas de acesso e nivelamento, garantindo o direito de ir e vir com seguran\u00e7a para idosos, cadeirantes, pessoas com defici\u00eancia ou mobilidade reduzida e m\u00e3es com carrinhos de beb\u00ea;<\/p>\n\n\n\n<p class=\"wp-block-paragraph\"><strong>Revitaliza\u00e7\u00e3o urbana:<\/strong> Recupera\u00e7\u00e3o dos trechos danificados pela a\u00e7\u00e3o do tempo ou pelo tr\u00e1fego de ve\u00edculos, valorizando as propriedades do entorno e melhorando o aspecto visual do bairro.<\/p>\n\n\n\n<h3 class=\"wp-block-heading\"><strong>Mais prote\u00e7\u00e3o e mobilidade para a comunidade<\/strong><\/h3>\n\n\n\n<p class=\"wp-block-paragraph\">Em sua justificativa, o parlamentar destaca que a adequa\u00e7\u00e3o dos passeios \u00e9 fundamental para evitar acidentes e proteger os moradores que circulam diariamente pelo bairro Guarani. Atualmente, a falta de cal\u00e7adas estruturadas obriga pedestres e estudantes a caminharem pela pista de rolamento, dividindo espa\u00e7o com carros e caminh\u00f5es e aumentando o risco de atropelamentos.<\/p>\n\n\n\n<p class=\"wp-block-paragraph\">A inclus\u00e3o no Programa Caminho Seguro visa organizar o tr\u00e1fego local, garantir rotas seguras at\u00e9 os pontos de \u00f4nibus e com\u00e9rcios da regi\u00e3o, e reafirmar o compromisso com a mobilidade urbana de Colombo.<\/p>\n","protected":false},"excerpt":{"rendered":"<p>Proposta solicita a inclus\u00e3o da via no Programa Caminho Seguro para garantir prote\u00e7\u00e3o aos pedestres. [&#8230;]<\/p>\n","protected":false},"author":4,"featured_media":54989,"comment_status":"closed","ping_status":"closed","sticky":false,"template":"","format":"standard","meta":{"footnotes":""},"categories":[1],"tags":[],"class_list":["post-54988","post","type-post","status-publish","format-standard","has-post-thumbnail","hentry","category-noticias"],"_links":{"self":[{"href":"https:\/\/transparencia.camaracolombo.pr.gov.br\/index.php\/wp-json\/wp\/v2\/posts\/54988","targetHints":{"allow":["GET"]}}],"collection":[{"href":"https:\/\/transparencia.camaracolombo.pr.gov.br\/index.php\/wp-json\/wp\/v2\/posts"}],"about":[{"href":"https:\/\/transparencia.camaracolombo.pr.gov.br\/index.php\/wp-json\/wp\/v2\/types\/post"}],"author":[{"embeddable":true,"href":"https:\/\/transparencia.camaracolombo.pr.gov.br\/index.php\/wp-json\/wp\/v2\/users\/4"}],"replies":[{"embeddable":true,"href":"https:\/\/transparencia.camaracolombo.pr.gov.br\/index.php\/wp-json\/wp\/v2\/comments?post=54988"}],"version-history":[{"count":4,"href":"https:\/\/transparencia.camaracolombo.pr.gov.br\/index.php\/wp-json\/wp\/v2\/posts\/54988\/revisions"}],"predecessor-version":[{"id":54993,"href":"https:\/\/transparencia.camaracolombo.pr.gov.br\/index.php\/wp-json\/wp\/v2\/posts\/54988\/revisions\/54993"}],"wp:featuredmedia":[{"embeddable":true,"href":"https:\/\/transparencia.camaracolombo.pr.gov.br\/index.php\/wp-json\/wp\/v2\/media\/54989"}],"wp:attachment":[{"href":"https:\/\/transparencia.camaracolombo.pr.gov.br\/index.php\/wp-json\/wp\/v2\/media?parent=54988"}],"wp:term":[{"taxonomy":"category","embeddable":true,"href":"https:\/\/transparencia.camaracolombo.pr.gov.br\/index.php\/wp-json\/wp\/v2\/categories?post=54988"},{"taxonomy":"post_tag","embeddable":true,"href":"https:\/\/transparencia.camaracolombo.pr.gov.br\/index.php\/wp-json\/wp\/v2\/tags?post=54988"}],"curies":[{"name":"wp","href":"https:\/\/api.w.org\/{rel}","templated":true}]}}