


{"id":54994,"date":"2026-09-04T13:20:00","date_gmt":"2026-09-04T16:20:00","guid":{"rendered":"https:\/\/transparencia.camaracolombo.pr.gov.br\/?p=54994"},"modified":"2026-09-02T15:49:07","modified_gmt":"2026-09-02T18:49:07","slug":"pavimentacao-e-calcadas-na-rua-reynaldo-gasparin-sao-solicitadas-para-o-bairro-bacaetava","status":"publish","type":"post","link":"https:\/\/transparencia.camaracolombo.pr.gov.br\/index.php\/2026\/09\/04\/pavimentacao-e-calcadas-na-rua-reynaldo-gasparin-sao-solicitadas-para-o-bairro-bacaetava\/","title":{"rendered":"Pavimenta\u00e7\u00e3o e cal\u00e7adas na Rua Reynaldo Gasparin s\u00e3o solicitadas para o bairro Bacaetava"},"content":{"rendered":"\n<p class=\"wp-block-paragraph\"><em>Iniciativa busca eliminar lama e poeira, promovendo infraestrutura e seguran\u00e7a para os pedestres.<\/em><\/p>\n\n\n\n<figure class=\"wp-block-image size-full\"><img loading=\"lazy\" decoding=\"async\" width=\"1600\" height=\"1066\" src=\"https:\/\/transparencia.camaracolombo.pr.gov.br\/wp-content\/uploads\/2026\/09\/WhatsApp-Image-2026-09-01-at-18.48.26.jpeg\" alt=\"\" class=\"wp-image-54960\" \/><figcaption class=\"wp-element-caption\">(Foto: Silmara Portes\/CMC)<\/figcaption><\/figure>\n\n\n\n<p class=\"wp-block-paragraph\">O vereador <strong>Z\u00e9 Arcie (PL)<\/strong> protocolou na C\u00e2mara Municipal a <strong>Indica\u00e7\u00e3o n\u00ba 791\/2026<\/strong>, direcionada \u00e0 Secretaria Municipal de Obras e Via\u00e7\u00e3o. O documento solicita a execu\u00e7\u00e3o de obras de pavimenta\u00e7\u00e3o asf\u00e1ltica e a implanta\u00e7\u00e3o de cal\u00e7adas ao longo de toda a extens\u00e3o da Rua Reynaldo Gasparin, situada no bairro Bacaetava.<\/p>\n\n\n\n<p class=\"wp-block-paragraph\">A proposta atende a uma reivindica\u00e7\u00e3o hist\u00f3rica dos moradores locais, que enfrentam rotineiramente dificuldades de tr\u00e1fego e problemas de infraestrutura vi\u00e1ria na regi\u00e3o.<\/p>\n\n\n\n<h3 class=\"wp-block-heading\"><strong>Pavimenta\u00e7\u00e3o e fim dos transtornos com lama e poeira<\/strong><\/h3>\n\n\n\n<p class=\"wp-block-paragraph\">A indica\u00e7\u00e3o destaca os impactos diretos da falta de pavimenta\u00e7\u00e3o na qualidade de vida e na rotina da comunidade:<\/p>\n\n\n\n<p class=\"wp-block-paragraph\"><strong>Melhoria na trafegabilidade:<\/strong> A aplica\u00e7\u00e3o de asfalto visa garantir o tr\u00e2nsito seguro e regular de ve\u00edculos particulares, transporte p\u00fablico e servi\u00e7os de entrega e emerg\u00eancia;<\/p>\n\n\n\n<p class=\"wp-block-paragraph\"><strong>Sa\u00fade e bem-estar:<\/strong> A interven\u00e7\u00e3o elimina o excesso de poeira nos dias secos e a forma\u00e7\u00e3o de atoleiros e lama nos per\u00edodos chuvosos, problemas que afetam a sa\u00fade respirat\u00f3ria dos moradores e a conserva\u00e7\u00e3o das resid\u00eancias;<\/p>\n\n\n\n<p class=\"wp-block-paragraph\"><strong>Desenvolvimento local:<\/strong> A urbaniza\u00e7\u00e3o da via contribui para a valoriza\u00e7\u00e3o imobili\u00e1ria do entorno e incentiva o crescimento estruturado do bairro Bacaetava.<\/p>\n\n\n\n<h3 class=\"wp-block-heading\"><strong>Cal\u00e7adas e seguran\u00e7a para a circula\u00e7\u00e3o de pedestres<\/strong><\/h3>\n\n\n\n<p class=\"wp-block-paragraph\">Al\u00e9m da pavimenta\u00e7\u00e3o da pista de rolamento, a mat\u00e9ria enfatiza a import\u00e2ncia de construir passeios p\u00fablicos adequados para a popula\u00e7\u00e3o:<\/p>\n\n\n\n<p class=\"wp-block-paragraph\"><strong>Espa\u00e7o exclusivo para pedestres:<\/strong> A cria\u00e7\u00e3o de cal\u00e7adas garante uma rota pr\u00f3pria para a circula\u00e7\u00e3o de pessoas, evitando que os moradores precisem caminhar no meio da rua junto aos ve\u00edculos;<\/p>\n\n\n\n<p class=\"wp-block-paragraph\"><strong>Preven\u00e7\u00e3o de acidentes:<\/strong> A medida foca na redu\u00e7\u00e3o do risco de atropelamentos, oferecendo maior prote\u00e7\u00e3o durante o deslocamento di\u00e1rio da comunidade;<\/p>\n\n\n\n<p class=\"wp-block-paragraph\"><strong>Acessibilidade e inclus\u00e3o:<\/strong> O passeio estruturado proporciona condi\u00e7\u00f5es adequadas de mobilidade, beneficiando especialmente crian\u00e7as, idosos e pessoas com defici\u00eancia ou mobilidade reduzida.<\/p>\n","protected":false},"excerpt":{"rendered":"<p>Iniciativa busca eliminar lama e poeira, promovendo infraestrutura e seguran\u00e7a para os pedestres. O vereador [&#8230;]<\/p>\n","protected":false},"author":4,"featured_media":54998,"comment_status":"closed","ping_status":"closed","sticky":false,"template":"","format":"standard","meta":{"footnotes":""},"categories":[1],"tags":[],"class_list":["post-54994","post","type-post","status-publish","format-standard","has-post-thumbnail","hentry","category-noticias"],"_links":{"self":[{"href":"https:\/\/transparencia.camaracolombo.pr.gov.br\/index.php\/wp-json\/wp\/v2\/posts\/54994","targetHints":{"allow":["GET"]}}],"collection":[{"href":"https:\/\/transparencia.camaracolombo.pr.gov.br\/index.php\/wp-json\/wp\/v2\/posts"}],"about":[{"href":"https:\/\/transparencia.camaracolombo.pr.gov.br\/index.php\/wp-json\/wp\/v2\/types\/post"}],"author":[{"embeddable":true,"href":"https:\/\/transparencia.camaracolombo.pr.gov.br\/index.php\/wp-json\/wp\/v2\/users\/4"}],"replies":[{"embeddable":true,"href":"https:\/\/transparencia.camaracolombo.pr.gov.br\/index.php\/wp-json\/wp\/v2\/comments?post=54994"}],"version-history":[{"count":3,"href":"https:\/\/transparencia.camaracolombo.pr.gov.br\/index.php\/wp-json\/wp\/v2\/posts\/54994\/revisions"}],"predecessor-version":[{"id":54997,"href":"https:\/\/transparencia.camaracolombo.pr.gov.br\/index.php\/wp-json\/wp\/v2\/posts\/54994\/revisions\/54997"}],"wp:featuredmedia":[{"embeddable":true,"href":"https:\/\/transparencia.camaracolombo.pr.gov.br\/index.php\/wp-json\/wp\/v2\/media\/54998"}],"wp:attachment":[{"href":"https:\/\/transparencia.camaracolombo.pr.gov.br\/index.php\/wp-json\/wp\/v2\/media?parent=54994"}],"wp:term":[{"taxonomy":"category","embeddable":true,"href":"https:\/\/transparencia.camaracolombo.pr.gov.br\/index.php\/wp-json\/wp\/v2\/categories?post=54994"},{"taxonomy":"post_tag","embeddable":true,"href":"https:\/\/transparencia.camaracolombo.pr.gov.br\/index.php\/wp-json\/wp\/v2\/tags?post=54994"}],"curies":[{"name":"wp","href":"https:\/\/api.w.org\/{rel}","templated":true}]}}