


{"id":54999,"date":"2026-09-04T15:49:26","date_gmt":"2026-09-04T18:49:26","guid":{"rendered":"https:\/\/transparencia.camaracolombo.pr.gov.br\/?p=54999"},"modified":"2026-09-02T16:00:03","modified_gmt":"2026-09-02T19:00:03","slug":"extensao-da-rede-eletrica-na-rua-zacarias-machado-de-meira-e-solicitada-no-bairro-osasco","status":"publish","type":"post","link":"https:\/\/transparencia.camaracolombo.pr.gov.br\/index.php\/2026\/09\/04\/extensao-da-rede-eletrica-na-rua-zacarias-machado-de-meira-e-solicitada-no-bairro-osasco\/","title":{"rendered":"Extens\u00e3o da rede el\u00e9trica na Rua Zacarias Machado de Meira \u00e9 solicitada no bairro Osasco"},"content":{"rendered":"\n<p class=\"wp-block-paragraph\"><em>Iniciativa pede interven\u00e7\u00e3o junto \u00e0 Copel para atender moradores do trecho sem ilumina\u00e7\u00e3o.<\/em><\/p>\n\n\n\n<figure class=\"wp-block-image size-full\"><img loading=\"lazy\" decoding=\"async\" width=\"1600\" height=\"1066\" src=\"https:\/\/transparencia.camaracolombo.pr.gov.br\/wp-content\/uploads\/2026\/09\/WhatsApp-Image-2026-09-01-at-18.49.02.jpeg\" alt=\"\" class=\"wp-image-54962\" \/><figcaption class=\"wp-element-caption\">(Foto: Silmara Portes\/CMC)<\/figcaption><\/figure>\n\n\n\n<p class=\"wp-block-paragraph\">O vereador <strong>Ademar Costa (Uni\u00e3o)<\/strong> protocolou na C\u00e2mara Municipal a <strong>Indica\u00e7\u00e3o n\u00ba 792\/2026<\/strong>, encaminhada ao Prefeito Municipal. O documento solicita que o Poder Executivo intervenha junto \u00e0 Companhia Paranaense de Energia (Copel) para viabilizar a extens\u00e3o da rede de energia el\u00e9trica na Rua Zacarias Machado de Meira, localizada no bairro Osasco.<\/p>\n\n\n\n<p class=\"wp-block-paragraph\">A proposta busca resolver a falta de infraestrutura el\u00e9trica em um trecho espec\u00edfico da via, atendendo a uma antiga demanda das fam\u00edlias que residem no local.<\/p>\n\n\n\n<h3 class=\"wp-block-heading\"><strong>Mapeamento do trecho e expans\u00e3o da infraestrutura<\/strong><\/h3>\n\n\n\n<p class=\"wp-block-paragraph\">A indica\u00e7\u00e3o delimita o trecho exato que necessita da instala\u00e7\u00e3o de postes e fia\u00e7\u00e3o para atendimento \u00e0 comunidade:<\/p>\n\n\n\n<p class=\"wp-block-paragraph\"><strong>Per\u00edmetro contemplado:<\/strong> O pedido abrange a extens\u00e3o da rede a partir do \u00faltimo poste existente, localizado em frente ao n\u00ba 58, seguindo at\u00e9 o encruzamento com a Rua Ad\u00e9lio Corr\u00eaa;<\/p>\n\n\n\n<p class=\"wp-block-paragraph\"><strong>Articula\u00e7\u00e3o com a Copel:<\/strong> Solicita ao munic\u00edpio a realiza\u00e7\u00e3o de estudos t\u00e9cnicos em parceria com a concession\u00e1ria estadual de energia para a elabora\u00e7\u00e3o do projeto e execu\u00e7\u00e3o c\u00e9lere da obra.<\/p>\n\n\n\n<h3 class=\"wp-block-heading\"><strong>Seguran\u00e7a, ilumina\u00e7\u00e3o p\u00fablica e dignidade<\/strong><\/h3>\n\n\n\n<p class=\"wp-block-paragraph\">Em sua justificativa, o parlamentar ressalta que o acesso \u00e0 energia el\u00e9trica regular \u00e9 essencial para a cidadania e a qualidade de vida da popula\u00e7\u00e3o:<\/p>\n\n\n\n<p class=\"wp-block-paragraph\"><strong>Atendimento residencial:<\/strong> A expans\u00e3o permitir\u00e1 que os moradores do trecho afetado tenham liga\u00e7\u00e3o formal e regular de energia em suas resid\u00eancias;<\/p>\n\n\n\n<p class=\"wp-block-paragraph\"><strong>Seguran\u00e7a no tr\u00e2nsito e na circula\u00e7\u00e3o:<\/strong> A instala\u00e7\u00e3o da rede viabiliza a posterior implanta\u00e7\u00e3o de ilumina\u00e7\u00e3o p\u00fablica, aumentando a seguran\u00e7a dos pedestres que transitam pelo trecho durante o per\u00edodo noturno;<\/p>\n\n\n\n<p class=\"wp-block-paragraph\"><strong>Valoriza\u00e7\u00e3o urbana:<\/strong> A chegada da infraestrutura b\u00e1sica promove a valoriza\u00e7\u00e3o dos im\u00f3veis e garante melhores condi\u00e7\u00f5es sanit\u00e1rias e de habitabilidade no bairro Osasco.<\/p>\n","protected":false},"excerpt":{"rendered":"<p>Iniciativa pede interven\u00e7\u00e3o junto \u00e0 Copel para atender moradores do trecho sem ilumina\u00e7\u00e3o. O vereador [&#8230;]<\/p>\n","protected":false},"author":4,"featured_media":55002,"comment_status":"closed","ping_status":"closed","sticky":false,"template":"","format":"standard","meta":{"footnotes":""},"categories":[1],"tags":[],"class_list":["post-54999","post","type-post","status-publish","format-standard","has-post-thumbnail","hentry","category-noticias"],"_links":{"self":[{"href":"https:\/\/transparencia.camaracolombo.pr.gov.br\/index.php\/wp-json\/wp\/v2\/posts\/54999","targetHints":{"allow":["GET"]}}],"collection":[{"href":"https:\/\/transparencia.camaracolombo.pr.gov.br\/index.php\/wp-json\/wp\/v2\/posts"}],"about":[{"href":"https:\/\/transparencia.camaracolombo.pr.gov.br\/index.php\/wp-json\/wp\/v2\/types\/post"}],"author":[{"embeddable":true,"href":"https:\/\/transparencia.camaracolombo.pr.gov.br\/index.php\/wp-json\/wp\/v2\/users\/4"}],"replies":[{"embeddable":true,"href":"https:\/\/transparencia.camaracolombo.pr.gov.br\/index.php\/wp-json\/wp\/v2\/comments?post=54999"}],"version-history":[{"count":1,"href":"https:\/\/transparencia.camaracolombo.pr.gov.br\/index.php\/wp-json\/wp\/v2\/posts\/54999\/revisions"}],"predecessor-version":[{"id":55001,"href":"https:\/\/transparencia.camaracolombo.pr.gov.br\/index.php\/wp-json\/wp\/v2\/posts\/54999\/revisions\/55001"}],"wp:featuredmedia":[{"embeddable":true,"href":"https:\/\/transparencia.camaracolombo.pr.gov.br\/index.php\/wp-json\/wp\/v2\/media\/55002"}],"wp:attachment":[{"href":"https:\/\/transparencia.camaracolombo.pr.gov.br\/index.php\/wp-json\/wp\/v2\/media?parent=54999"}],"wp:term":[{"taxonomy":"category","embeddable":true,"href":"https:\/\/transparencia.camaracolombo.pr.gov.br\/index.php\/wp-json\/wp\/v2\/categories?post=54999"},{"taxonomy":"post_tag","embeddable":true,"href":"https:\/\/transparencia.camaracolombo.pr.gov.br\/index.php\/wp-json\/wp\/v2\/tags?post=54999"}],"curies":[{"name":"wp","href":"https:\/\/api.w.org\/{rel}","templated":true}]}}