


{"id":55003,"date":"2026-09-04T08:17:55","date_gmt":"2026-09-04T11:17:55","guid":{"rendered":"https:\/\/transparencia.camaracolombo.pr.gov.br\/?p=55003"},"modified":"2026-09-04T08:17:55","modified_gmt":"2026-09-04T11:17:55","slug":"em-pauta-no-plenario-delegacia-cidada-e-meio-ambiente-marcam-sessao-de-terca-feira-1","status":"publish","type":"post","link":"https:\/\/transparencia.camaracolombo.pr.gov.br\/index.php\/2026\/09\/04\/em-pauta-no-plenario-delegacia-cidada-e-meio-ambiente-marcam-sessao-de-terca-feira-1\/","title":{"rendered":"Em pauta no Plen\u00e1rio: Delegacia Cidad\u00e3 e Meio Ambiente marcam sess\u00e3o de ter\u00e7a-feira (1)"},"content":{"rendered":"\n<p class=\"wp-block-paragraph\"><strong><em>Os vereadores tamb\u00e9m comentaram sobre outros temas.<\/em><\/strong><\/p>\n\n\n\n<figure class=\"wp-block-image size-large\"><img loading=\"lazy\" decoding=\"async\" width=\"1024\" height=\"1024\" src=\"https:\/\/transparencia.camaracolombo.pr.gov.br\/wp-content\/uploads\/2026\/04\/CMA-0005-26A-EM-PAUTA-NO-PLENARIO-WEB-BANNER-1080x1080-2-1024x1024.png\" alt=\"\" class=\"wp-image-52901\" srcset=\"https:\/\/transparencia.camaracolombo.pr.gov.br\/wp-content\/uploads\/2026\/04\/CMA-0005-26A-EM-PAUTA-NO-PLENARIO-WEB-BANNER-1080x1080-2-1024x1024.png 1024w, https:\/\/transparencia.camaracolombo.pr.gov.br\/wp-content\/uploads\/2026\/04\/CMA-0005-26A-EM-PAUTA-NO-PLENARIO-WEB-BANNER-1080x1080-2-150x150.png 150w, https:\/\/transparencia.camaracolombo.pr.gov.br\/wp-content\/uploads\/2026\/04\/CMA-0005-26A-EM-PAUTA-NO-PLENARIO-WEB-BANNER-1080x1080-2-300x300.png 300w, https:\/\/transparencia.camaracolombo.pr.gov.br\/wp-content\/uploads\/2026\/04\/CMA-0005-26A-EM-PAUTA-NO-PLENARIO-WEB-BANNER-1080x1080-2-768x768.png 768w, https:\/\/transparencia.camaracolombo.pr.gov.br\/wp-content\/uploads\/2026\/04\/CMA-0005-26A-EM-PAUTA-NO-PLENARIO-WEB-BANNER-1080x1080-2.png 1080w\" sizes=\"auto, (max-width: 1024px) 100vw, 1024px\" \/><\/figure>\n\n\n\n<p class=\"wp-block-paragraph\">Em pauta no Plen\u00e1rio re\u00fane os principais coment\u00e1rios feitos pelos vereadores durante a explica\u00e7\u00e3o pessoal da sess\u00e3o ordin\u00e1ria de ter\u00e7a-feira (1).<\/p>\n\n\n\n<p class=\"wp-block-paragraph\">Delegacia Cidad\u00e3 e Meio Ambiente concentraram parte dos pronunciamentos. \u00a0<\/p>\n\n\n\n<p class=\"wp-block-paragraph\"><strong>Ratinho Gotardo (PSD) <\/strong>agradeceu a resposta do pedido de informa\u00e7\u00e3o referente \u00e0s obras de pavimenta\u00e7\u00f5es asf\u00e1lticas na cidade. Disse que segundo a informa\u00e7\u00e3o da Secretaria de Urbanismo, as ruas ser\u00e3o contempladas a partir de 2027.<\/p>\n\n\n\n<p class=\"wp-block-paragraph\"><strong>Ney Marcelino (Podemos) <\/strong>disse que a Prefeitura de Colombo anunciou a instala\u00e7\u00e3o de dois m\u00f3dulos fixos da Guarda Municipal. Afirmou que v\u00e1rios vereadores fizeram indica\u00e7\u00f5es a respeito dessa pauta. Haver\u00e1 um m\u00f3dulo fixo no Parque da Uva e no Parque Linear do Guaraituba. Pediu com urg\u00eancia a instala\u00e7\u00e3o de um m\u00f3dulo na regi\u00e3o do Osasco\/Ro\u00e7a Grande. Falou que precisava descentralizar o atendimento ou m\u00f3dulo da guarda, mas pede que o pr\u00f3ximo seja instalado na regi\u00e3o do Osasco. Mencionou que recentemente a Prefeitura fez um \u00f3timo trabalho de sinaliza\u00e7\u00e3o na Rua Prefeito Pio Alberti e na Rua Ludovico Kachel. Solicitou que um sem\u00e1foro seja instalado na esquina da Rua Prefeito Pio Alberti com a Rua Andr\u00e9 Naldony. Acredita que j\u00e1 esteja em estudo. Pediu a instala\u00e7\u00e3o de radares nas ruas Prefeito Pio Alberti e Ludovico Kachel. Disse que recentemente foi feita uma solicita\u00e7\u00e3o para que a Guarda fosse na pra\u00e7a do Vila Nova, porque estava tendo algumas situa\u00e7\u00f5es cr\u00edticas ali. A Guarda fez um \u00f3timo trabalho.<\/p>\n\n\n\n<p class=\"wp-block-paragraph\"><strong>Bruno Dias (PSB)<\/strong> citou que participou de dois importantes momentos para o munic\u00edpio. Um foi a inaugura\u00e7\u00e3o da Delegacia Cidad\u00e3 e o outro foi o Complexo Social da Pessoa Idosa na regi\u00e3o do Monza. Disse que a sua assessora recebeu um chamado de ajuda sobre uma \u00e1rvore que caiu no Santa Gema. Falou que fizeram um v\u00eddeo que est\u00e1 nas redes sociais e solicitou ajuda das pessoas com doa\u00e7\u00f5es. Disse que a \u00e1rvore acertou o meio da casa. Citou que tem in\u00fameros pedidos de verifica\u00e7\u00e3o de pinheiro e de \u00e1rvores de grande porte que ainda n\u00e3o foram atendidos. Solicitou agilidade da secretaria de Meio Ambiente.<\/p>\n\n\n\n<p class=\"wp-block-paragraph\"><strong>Anderson Prego (PT) <\/strong>falou que no dia 30 de agosto \u00e9 comemorado o dia de luta dos educadores do Estado do Paran\u00e1. Falou que nessa data em 1988 ocorreu um evento tr\u00e1gico na Pra\u00e7a Nossa Senhora de Salete.\u00c9 preciso lembrar para n\u00e3o se repetir. Em 29 de abril tamb\u00e9m utilizaram for\u00e7a policial para conter os servidores que estavam fazendo a manifesta\u00e7\u00e3o solicitando a valoriza\u00e7\u00e3o, a melhoria salarial e as condi\u00e7\u00f5es dignas de trabalho. Essa marca hist\u00f3rica \u00e9 importante ser evidenciada. No dia 30 de agosto, a APP Sindicato promove um dia de den\u00fancia aos ataques \u00e0s escolas p\u00fablicas e combate a retirada de direitos promovidos. Disse que o momento de denunciar o fechamento do ensino noturno que afeta diretamente os jovens trabalhadores e aquelas pessoas que n\u00e3o tiveram condi\u00e7\u00f5es de estudar no tempo certo e voltaram depois de algum tempo. Tamb\u00e9m denunciou a venda das escolas p\u00fablicas. Disse que est\u00e3o trabalhando uma legisla\u00e7\u00e3o, atrav\u00e9s do seu gabinete, para que se pro\u00edba a terceiriza\u00e7\u00e3o, a venda das escolas p\u00fablicas e CMEIS Municipais tamb\u00e9m. Tamb\u00e9m denunciou as quest\u00f5es das escolas c\u00edvico-militares. Conclamou a sociedade para que possam pressionar sobre o fim da jornada 6X1. Falou que \u00e9 um debate que ainda precisa avan\u00e7ar. Tamb\u00e9m citou a inaugura\u00e7\u00e3o da Delegacia Cidad\u00e3.<\/p>\n\n\n\n<p class=\"wp-block-paragraph\"><strong>Ademar Costa (Uni\u00e3o)<\/strong> falou sobre a Secretaria de Meio Ambiente. Disse que os trabalhos funcionam, mas tem algumas a\u00e7\u00f5es que est\u00e3o deixando a desejar. Falou de uma cobran\u00e7a do Col\u00e9gio Estadual Vereador Raulino Costa Curta. Mencionou que foi com o pr\u00f3prio secret\u00e1rio e com alguns funcion\u00e1rios da secretaria na escola. Foi constatado o risco eminente das quedas de algumas \u00e1rvores, inclusive que j\u00e1 causou e vem causando transtornos e preju\u00edzos. Disse que precisam de a\u00e7\u00f5es mais recorrentes antes de trag\u00e9dias. Citou uma demanda no bairro Guaruj\u00e1. Perguntou aos vereadores se \u00e9 normal os pais reclamarem nas redes sociais para que um filho seja atendido em uma UPA. Disse que relatos sobre atendimentos, espera e estrutura est\u00e3o chegando de maneira recorrente ao seu gabinete. Disse que tem um canal direto com a popula\u00e7\u00e3o. Falou que quando recebe uma den\u00fancia, uma reclama\u00e7\u00e3o, \u00e9 respondido e tomado a\u00e7\u00f5es. Citou que j\u00e1 foi enviado of\u00edcio para a Secretaria Municipal da Sa\u00fade solicitando informa\u00e7\u00f5es e provid\u00eancias. Disse que os profissionais da sa\u00fade precisam ter condi\u00e7\u00f5es adequadas para trabalhar. Mencionou que essa semana teve duas reclama\u00e7\u00f5es, uma na UPA do Osasco e uma na UPA do Maracan\u00e3. Disse que entrou em contato com os coordenadores e que prontamente foram atendidos. Falou que o contribuinte precisa ter os seus direitos garantidos. A resposta \u00e9 com acolhimento ali no momento. Informou que o seu gabinete vai acompanhar todas as a\u00e7\u00f5es e casos e, que se for necess\u00e1rio, ir\u00e1 pedir uma comiss\u00e3o com os demais vereadores para que eles irem no local e cobrarem mais severamente os respons\u00e1veis do Executivo. Mencionou estar contente com o projeto de lei n\u00ba 35 que ser\u00e1 aprovado pelo Legislativo. Falou que alguns recursos ser\u00e3o em benef\u00edcio da pavimenta\u00e7\u00e3o, da infraestrutura da Rua Ant\u00f4nio Kamaroski e da Rua Veran\u00f3polis.<\/p>\n\n\n\n<p class=\"wp-block-paragraph\"><strong>Evandro Fran\u00e7a (PSD) <\/strong>parabenizou o governo do Estado por ter inaugurado a Delegacia Cidad\u00e3, no bairro Santa Teresinha, com investimento de mais de R$6 milh\u00f5es de reais. Parabenizou tamb\u00e9m os vereadores que j\u00e1 vinham com essa luta. Falou que a Delegacia tem foco na acessibilidade, atendimento humanizado para adolescentes, crian\u00e7as, mulheres e idosos, servi\u00e7o concentrados que re\u00fanem servi\u00e7os que antes funcionavam separadamente no Centro e no Alto Maracan\u00e3. Mencionou que tem salas para a Pol\u00edcia Militar e Advogados. Citou que o governo do Estado vai criar a Pol\u00edcia Cient\u00edfica com investimentos de mais de R$ 10 milh\u00f5es de reais. Falou que uma das suas revoltas \u00e9 a falta de disciplina dentro de casa que acaba acarretando o professor dentro da sala de aula. Pediu que atenda os professores com recursos e benef\u00edcios que eles t\u00eam direito e esse lado do comportamento. Disse que educa\u00e7\u00e3o vem de casa.<\/p>\n\n\n\n<p class=\"wp-block-paragraph\"><strong>Maicon Martins (PP)<\/strong> falou que todos os projetos que passam pela Casa s\u00e3o de grande relev\u00e2ncia, pois s\u00e3o feitos pelos vereadores que ouvem a comunidade. Parabenizou a ex-secret\u00e1ria da Mulher, Igualdade Racial e da Pessoa Idosa, Leandre Dal Ponte, por trazer um recurso importante para o Complexo do Idoso do munic\u00edpio. Ele vai ser colocado no Jardim Monza.<\/p>\n\n\n\n<p class=\"wp-block-paragraph\"><strong>Joel Bueno (PSD)<\/strong> comentou sobre as \u00e1rvores. Falou que j\u00e1 fez coment\u00e1rios e at\u00e9 v\u00eddeos na rede social falando sobre isso. Falou que as vezes a culpa n\u00e3o \u00e9 do Meio Ambiente, mas sim do IAT. Mencionou que o IAT barra o corte de pinheiros. Tamb\u00e9m citou a inaugura\u00e7\u00e3o da Delegacia Cidad\u00e3. Disse que \u00e9 de extrema import\u00e2ncia para a cidade e que foi uma luta. Falou que esteve v\u00e1rias vezes na Secretaria de Seguran\u00e7a P\u00fablica do Estado conversando com o pessoal. Agradeceu o delegado Herculano de Abreu por fazer um trabalho diferenciado.<\/p>\n","protected":false},"excerpt":{"rendered":"<p>Os vereadores tamb\u00e9m comentaram sobre outros temas. Em pauta no Plen\u00e1rio re\u00fane os principais coment\u00e1rios [&#8230;]<\/p>\n","protected":false},"author":2,"featured_media":52901,"comment_status":"closed","ping_status":"closed","sticky":false,"template":"","format":"standard","meta":{"footnotes":""},"categories":[1],"tags":[],"class_list":["post-55003","post","type-post","status-publish","format-standard","has-post-thumbnail","hentry","category-noticias"],"_links":{"self":[{"href":"https:\/\/transparencia.camaracolombo.pr.gov.br\/index.php\/wp-json\/wp\/v2\/posts\/55003","targetHints":{"allow":["GET"]}}],"collection":[{"href":"https:\/\/transparencia.camaracolombo.pr.gov.br\/index.php\/wp-json\/wp\/v2\/posts"}],"about":[{"href":"https:\/\/transparencia.camaracolombo.pr.gov.br\/index.php\/wp-json\/wp\/v2\/types\/post"}],"author":[{"embeddable":true,"href":"https:\/\/transparencia.camaracolombo.pr.gov.br\/index.php\/wp-json\/wp\/v2\/users\/2"}],"replies":[{"embeddable":true,"href":"https:\/\/transparencia.camaracolombo.pr.gov.br\/index.php\/wp-json\/wp\/v2\/comments?post=55003"}],"version-history":[{"count":1,"href":"https:\/\/transparencia.camaracolombo.pr.gov.br\/index.php\/wp-json\/wp\/v2\/posts\/55003\/revisions"}],"predecessor-version":[{"id":55004,"href":"https:\/\/transparencia.camaracolombo.pr.gov.br\/index.php\/wp-json\/wp\/v2\/posts\/55003\/revisions\/55004"}],"wp:featuredmedia":[{"embeddable":true,"href":"https:\/\/transparencia.camaracolombo.pr.gov.br\/index.php\/wp-json\/wp\/v2\/media\/52901"}],"wp:attachment":[{"href":"https:\/\/transparencia.camaracolombo.pr.gov.br\/index.php\/wp-json\/wp\/v2\/media?parent=55003"}],"wp:term":[{"taxonomy":"category","embeddable":true,"href":"https:\/\/transparencia.camaracolombo.pr.gov.br\/index.php\/wp-json\/wp\/v2\/categories?post=55003"},{"taxonomy":"post_tag","embeddable":true,"href":"https:\/\/transparencia.camaracolombo.pr.gov.br\/index.php\/wp-json\/wp\/v2\/tags?post=55003"}],"curies":[{"name":"wp","href":"https:\/\/api.w.org\/{rel}","templated":true}]}}