


{"id":55005,"date":"2026-09-04T10:28:54","date_gmt":"2026-09-04T13:28:54","guid":{"rendered":"https:\/\/transparencia.camaracolombo.pr.gov.br\/?p=55005"},"modified":"2026-09-04T10:28:54","modified_gmt":"2026-09-04T13:28:54","slug":"em-sessao-solene-votos-de-congratulacoes-sao-concedidos-pela-cmc-4","status":"publish","type":"post","link":"https:\/\/transparencia.camaracolombo.pr.gov.br\/index.php\/2026\/09\/04\/em-sessao-solene-votos-de-congratulacoes-sao-concedidos-pela-cmc-4\/","title":{"rendered":"Em sess\u00e3o solene, Votos de Congratula\u00e7\u00f5es s\u00e3o concedidos pela CMC"},"content":{"rendered":"\n<p class=\"wp-block-paragraph\"><strong><em>A Casa Legislativa colombense abre esse espa\u00e7o para a valoriza\u00e7\u00e3o de personalidades, empresas e institui\u00e7\u00f5es pelos relevantes servi\u00e7os e trabalhos realizados em prol do munic\u00edpio.<\/em><\/strong><\/p>\n\n\n\n<figure class=\"wp-block-image size-full\"><img loading=\"lazy\" decoding=\"async\" width=\"425\" height=\"319\" src=\"https:\/\/transparencia.camaracolombo.pr.gov.br\/wp-content\/uploads\/2026\/09\/Interna.bmp\" alt=\"\" class=\"wp-image-55006\" \/><\/figure>\n\n\n\n<p class=\"wp-block-paragraph\">A C\u00e2mara Municipal de Colombo realizou, na tarde desta quinta-feira (3), uma sess\u00e3o solene com o objetivo de promover a entrega de 19 votos de congratula\u00e7\u00f5es que foram destinados \u00e0s pessoas, empresas e institui\u00e7\u00f5es que obtiveram destaque em suas atividades. Propostos pelos parlamentares, esses requerimentos s\u00e3o registrados e aprovados durante as sess\u00f5es ordin\u00e1rias. <\/p>\n\n\n\n<p class=\"wp-block-paragraph\">A solenidade, realizada no Plen\u00e1rio Presidente Tancredo de Almeida Neves, foi conduzida pelo presidente da Casa de Leis, vereador Joel Bueno (PSD), e contou com a presen\u00e7a dos vereadores propositores, homenageados, amigos e familiares, convidados, autoridades e comunidade.<\/p>\n\n\n\n<p class=\"wp-block-paragraph\">Apresentados pelos vereadores durante as sess\u00f5es plen\u00e1rias, essas homenagens ressaltam a import\u00e2ncia das atividades, dos trabalhos, dos servi\u00e7os prestados, al\u00e9m do reconhecimento de pessoas, empresas e institui\u00e7\u00f5es que promovem o desenvolvimento do munic\u00edpio de Colombo.<\/p>\n\n\n\n<p class=\"wp-block-paragraph\">Na ocasi\u00e3o, realizaram as homenagens os vereadores Joel Bueno (PSD), Professor Roger (Podemos), Maicon Martins (PP), Pastor Helio Feitosa (PL), Pastor Abelardo Gomes (PSD), Ademar Costa (Uni\u00e3o), Renato da Farm\u00e1cia (Novo), Z\u00e9 Arcie (PL), Tininho Mello (PSD), Evandro Fran\u00e7a (PSD), Jo\u00e3o Agrolombo (PL), Bruno Dias (PSB) e Ratinho Gotardo (PSD).<\/p>\n\n\n\n<p class=\"wp-block-paragraph\">Confira abaixo mais fotos do evento.<\/p>\n\n\n\n<figure class=\"wp-block-gallery has-nested-images columns-default is-cropped wp-block-gallery-1 is-layout-flex wp-block-gallery-is-layout-flex\">\n<figure class=\"wp-block-image size-large\"><img loading=\"lazy\" decoding=\"async\" width=\"425\" height=\"283\" data-id=\"55026\" src=\"https:\/\/transparencia.camaracolombo.pr.gov.br\/wp-content\/uploads\/2026\/09\/Foto19.bmp\" alt=\"\" class=\"wp-image-55026\" \/><\/figure>\n\n\n\n<figure class=\"wp-block-image size-large\"><img loading=\"lazy\" decoding=\"async\" width=\"425\" height=\"283\" data-id=\"55025\" src=\"https:\/\/transparencia.camaracolombo.pr.gov.br\/wp-content\/uploads\/2026\/09\/Foto18.bmp\" alt=\"\" class=\"wp-image-55025\" \/><\/figure>\n\n\n\n<figure class=\"wp-block-image size-large\"><img loading=\"lazy\" decoding=\"async\" width=\"425\" height=\"283\" data-id=\"55024\" src=\"https:\/\/transparencia.camaracolombo.pr.gov.br\/wp-content\/uploads\/2026\/09\/Foto17.bmp\" alt=\"\" class=\"wp-image-55024\" \/><\/figure>\n\n\n\n<figure class=\"wp-block-image size-large\"><img loading=\"lazy\" decoding=\"async\" width=\"425\" height=\"283\" data-id=\"55023\" src=\"https:\/\/transparencia.camaracolombo.pr.gov.br\/wp-content\/uploads\/2026\/09\/Foto16.bmp\" alt=\"\" class=\"wp-image-55023\" \/><\/figure>\n\n\n\n<figure class=\"wp-block-image size-large\"><img loading=\"lazy\" decoding=\"async\" width=\"425\" height=\"283\" data-id=\"55022\" src=\"https:\/\/transparencia.camaracolombo.pr.gov.br\/wp-content\/uploads\/2026\/09\/Foto15.bmp\" alt=\"\" class=\"wp-image-55022\" \/><\/figure>\n\n\n\n<figure class=\"wp-block-image size-large\"><img loading=\"lazy\" decoding=\"async\" width=\"425\" height=\"283\" data-id=\"55021\" src=\"https:\/\/transparencia.camaracolombo.pr.gov.br\/wp-content\/uploads\/2026\/09\/Foto14.bmp\" alt=\"\" class=\"wp-image-55021\" \/><\/figure>\n\n\n\n<figure class=\"wp-block-image size-large\"><img loading=\"lazy\" decoding=\"async\" width=\"425\" height=\"283\" data-id=\"55015\" src=\"https:\/\/transparencia.camaracolombo.pr.gov.br\/wp-content\/uploads\/2026\/09\/Foto8.bmp\" alt=\"\" class=\"wp-image-55015\" \/><\/figure>\n\n\n\n<figure class=\"wp-block-image size-large\"><img loading=\"lazy\" decoding=\"async\" width=\"425\" height=\"283\" data-id=\"55016\" src=\"https:\/\/transparencia.camaracolombo.pr.gov.br\/wp-content\/uploads\/2026\/09\/Foto9.bmp\" alt=\"\" class=\"wp-image-55016\" \/><\/figure>\n\n\n\n<figure class=\"wp-block-image size-large\"><img loading=\"lazy\" decoding=\"async\" width=\"425\" height=\"283\" data-id=\"55017\" src=\"https:\/\/transparencia.camaracolombo.pr.gov.br\/wp-content\/uploads\/2026\/09\/Foto10.bmp\" alt=\"\" class=\"wp-image-55017\" \/><\/figure>\n\n\n\n<figure class=\"wp-block-image size-large\"><img loading=\"lazy\" decoding=\"async\" width=\"425\" height=\"283\" data-id=\"55018\" src=\"https:\/\/transparencia.camaracolombo.pr.gov.br\/wp-content\/uploads\/2026\/09\/Foto11.bmp\" alt=\"\" class=\"wp-image-55018\" \/><\/figure>\n\n\n\n<figure class=\"wp-block-image size-large\"><img loading=\"lazy\" decoding=\"async\" width=\"425\" height=\"283\" data-id=\"55019\" src=\"https:\/\/transparencia.camaracolombo.pr.gov.br\/wp-content\/uploads\/2026\/09\/Foto12.bmp\" alt=\"\" class=\"wp-image-55019\" \/><\/figure>\n\n\n\n<figure class=\"wp-block-image size-large\"><img loading=\"lazy\" decoding=\"async\" width=\"425\" height=\"283\" data-id=\"55020\" src=\"https:\/\/transparencia.camaracolombo.pr.gov.br\/wp-content\/uploads\/2026\/09\/Foto13.bmp\" alt=\"\" class=\"wp-image-55020\" \/><\/figure>\n\n\n\n<figure class=\"wp-block-image size-large\"><img loading=\"lazy\" decoding=\"async\" width=\"425\" height=\"283\" data-id=\"55014\" src=\"https:\/\/transparencia.camaracolombo.pr.gov.br\/wp-content\/uploads\/2026\/09\/Foto7.bmp\" alt=\"\" class=\"wp-image-55014\" \/><\/figure>\n\n\n\n<figure class=\"wp-block-image size-large\"><img loading=\"lazy\" decoding=\"async\" width=\"425\" height=\"283\" data-id=\"55013\" src=\"https:\/\/transparencia.camaracolombo.pr.gov.br\/wp-content\/uploads\/2026\/09\/Foto6.bmp\" alt=\"\" class=\"wp-image-55013\" \/><\/figure>\n\n\n\n<figure class=\"wp-block-image size-large\"><img loading=\"lazy\" decoding=\"async\" width=\"425\" height=\"283\" data-id=\"55012\" src=\"https:\/\/transparencia.camaracolombo.pr.gov.br\/wp-content\/uploads\/2026\/09\/Foto5.bmp\" alt=\"\" class=\"wp-image-55012\" \/><\/figure>\n\n\n\n<figure class=\"wp-block-image size-large\"><img loading=\"lazy\" decoding=\"async\" width=\"425\" height=\"283\" data-id=\"55011\" src=\"https:\/\/transparencia.camaracolombo.pr.gov.br\/wp-content\/uploads\/2026\/09\/Foto4.bmp\" alt=\"\" class=\"wp-image-55011\" \/><\/figure>\n\n\n\n<figure class=\"wp-block-image size-large\"><img loading=\"lazy\" decoding=\"async\" width=\"425\" height=\"283\" data-id=\"55010\" src=\"https:\/\/transparencia.camaracolombo.pr.gov.br\/wp-content\/uploads\/2026\/09\/Foto3.bmp\" alt=\"\" class=\"wp-image-55010\" \/><\/figure>\n\n\n\n<figure class=\"wp-block-image size-large\"><img loading=\"lazy\" decoding=\"async\" width=\"425\" height=\"283\" data-id=\"55009\" src=\"https:\/\/transparencia.camaracolombo.pr.gov.br\/wp-content\/uploads\/2026\/09\/Foto2.bmp\" alt=\"\" class=\"wp-image-55009\" \/><\/figure>\n\n\n\n<figure class=\"wp-block-image size-large\"><img loading=\"lazy\" decoding=\"async\" width=\"425\" height=\"283\" data-id=\"55008\" src=\"https:\/\/transparencia.camaracolombo.pr.gov.br\/wp-content\/uploads\/2026\/09\/Foto1.bmp\" alt=\"\" class=\"wp-image-55008\" \/><\/figure>\n<\/figure>\n","protected":false},"excerpt":{"rendered":"<p>A Casa Legislativa colombense abre esse espa\u00e7o para a valoriza\u00e7\u00e3o de personalidades, empresas e institui\u00e7\u00f5es [&#8230;]<\/p>\n","protected":false},"author":2,"featured_media":55007,"comment_status":"closed","ping_status":"closed","sticky":false,"template":"","format":"standard","meta":{"footnotes":""},"categories":[1],"tags":[],"class_list":["post-55005","post","type-post","status-publish","format-standard","has-post-thumbnail","hentry","category-noticias"],"_links":{"self":[{"href":"https:\/\/transparencia.camaracolombo.pr.gov.br\/index.php\/wp-json\/wp\/v2\/posts\/55005","targetHints":{"allow":["GET"]}}],"collection":[{"href":"https:\/\/transparencia.camaracolombo.pr.gov.br\/index.php\/wp-json\/wp\/v2\/posts"}],"about":[{"href":"https:\/\/transparencia.camaracolombo.pr.gov.br\/index.php\/wp-json\/wp\/v2\/types\/post"}],"author":[{"embeddable":true,"href":"https:\/\/transparencia.camaracolombo.pr.gov.br\/index.php\/wp-json\/wp\/v2\/users\/2"}],"replies":[{"embeddable":true,"href":"https:\/\/transparencia.camaracolombo.pr.gov.br\/index.php\/wp-json\/wp\/v2\/comments?post=55005"}],"version-history":[{"count":1,"href":"https:\/\/transparencia.camaracolombo.pr.gov.br\/index.php\/wp-json\/wp\/v2\/posts\/55005\/revisions"}],"predecessor-version":[{"id":55027,"href":"https:\/\/transparencia.camaracolombo.pr.gov.br\/index.php\/wp-json\/wp\/v2\/posts\/55005\/revisions\/55027"}],"wp:featuredmedia":[{"embeddable":true,"href":"https:\/\/transparencia.camaracolombo.pr.gov.br\/index.php\/wp-json\/wp\/v2\/media\/55007"}],"wp:attachment":[{"href":"https:\/\/transparencia.camaracolombo.pr.gov.br\/index.php\/wp-json\/wp\/v2\/media?parent=55005"}],"wp:term":[{"taxonomy":"category","embeddable":true,"href":"https:\/\/transparencia.camaracolombo.pr.gov.br\/index.php\/wp-json\/wp\/v2\/categories?post=55005"},{"taxonomy":"post_tag","embeddable":true,"href":"https:\/\/transparencia.camaracolombo.pr.gov.br\/index.php\/wp-json\/wp\/v2\/tags?post=55005"}],"curies":[{"name":"wp","href":"https:\/\/api.w.org\/{rel}","templated":true}]}}